{"id":14724,"date":"2024-11-19T11:57:35","date_gmt":"2024-11-19T10:57:35","guid":{"rendered":"https:\/\/voyagedelabaleine.fr\/?p=14724"},"modified":"2024-11-25T17:32:27","modified_gmt":"2024-11-25T16:32:27","slug":"le-confort-avant-tout-comment-choisir-des-vetements-adaptes-aux-besoins-des-bebes","status":"publish","type":"post","link":"https:\/\/voyagedelabaleine.fr\/en\/le-confort-avant-tout-comment-choisir-des-vetements-adaptes-aux-besoins-des-bebes\/","title":{"rendered":"Le confort avant tout : comment choisir des v\u00eatements adapt\u00e9s aux besoins des b\u00e9b\u00e9s ?"},"content":{"rendered":"\n<figure class=\"wp-block-image size-full\"><img decoding=\"async\" width=\"1024\" height=\"768\" src=\"https:\/\/voyagedelabaleine.fr\/wp-content\/uploads\/2024\/11\/image-1.png\" alt=\"\" class=\"wp-image-14726\" srcset=\"https:\/\/voyagedelabaleine.fr\/wp-content\/uploads\/2024\/11\/image-1.png 1024w, https:\/\/voyagedelabaleine.fr\/wp-content\/uploads\/2024\/11\/image-1-300x225.png 300w, https:\/\/voyagedelabaleine.fr\/wp-content\/uploads\/2024\/11\/image-1-768x576.png 768w, https:\/\/voyagedelabaleine.fr\/wp-content\/uploads\/2024\/11\/image-1-600x450.png 600w\" sizes=\"(max-width: 1024px) 100vw, 1024px\" \/><\/figure>\n\n\n\n<p>Habiller un b\u00e9b\u00e9 ne se limite pas \u00e0 choisir des tenues adorables : le confort et la praticit\u00e9 doivent \u00eatre au c\u0153ur de chaque d\u00e9cision. Avec leur peau fragile et leurs mouvements encore maladroits, les tout-petits n\u00e9cessitent des v\u00eatements sp\u00e9cialement pens\u00e9s pour leur bien-\u00eatre. D\u00e9couvrez nos conseils pour composer une garde-robe confortable et pratique, et apprenez comment Voyage de la Baleine allie douceur et qualit\u00e9 pour habiller vos petits tr\u00e9sors.<\/p>\n\n\n\n<hr class=\"wp-block-separator has-alpha-channel-opacity\"\/>\n\n\n\n<h3 class=\"wp-block-heading\">Les crit\u00e8res essentiels pour des v\u00eatements confortables<\/h3>\n\n\n\n<p>Lorsqu\u2019il s\u2019agit de choisir des v\u00eatements pour b\u00e9b\u00e9, plusieurs crit\u00e8res garantissent leur confort et leur praticit\u00e9.<\/p>\n\n\n\n<p><strong>1. Privil\u00e9gier des mati\u00e8res naturelles et douces<\/strong><br>Les b\u00e9b\u00e9s ont une peau particuli\u00e8rement sensible. Il est donc crucial de privil\u00e9gier des tissus respirants et hypoallerg\u00e9niques comme le coton bio ou le bambou. Ces mati\u00e8res sont non seulement douces, mais elles r\u00e9duisent \u00e9galement les risques d\u2019irritation. Pour des v\u00eatements comme les bodies, pyjamas ou gigoteuses, une texture douce au toucher est indispensable pour apaiser les nuits et journ\u00e9es de b\u00e9b\u00e9.<\/p>\n\n\n\n<p><strong>2. Favoriser des coupes pratiques<\/strong><br>Les v\u00eatements pour b\u00e9b\u00e9s doivent faciliter leur habillage. Les ouvertures \u00e0 pression ou les fermetures \u00e9clair bien prot\u00e9g\u00e9es permettent de changer b\u00e9b\u00e9 rapidement, tout en douceur. Les v\u00eatements crois\u00e9s, comme les bodies enveloppants, sont parfaits pour les nouveau-n\u00e9s car ils n\u2019ont pas besoin d\u2019\u00eatre pass\u00e9s par la t\u00eate.<\/p>\n\n\n\n<p><strong>3. Penser au bon ajustement<\/strong><br>Un v\u00eatement trop serr\u00e9 peut g\u00eaner les mouvements du b\u00e9b\u00e9, tandis qu\u2019une tenue trop large risque de ne pas tenir en place. Les v\u00eatements doivent \u00eatre l\u00e9g\u00e8rement ajust\u00e9s, offrant suffisamment d\u2019espace pour permettre \u00e0 b\u00e9b\u00e9 de bouger librement, tout en restant bien couverts.<\/p>\n\n\n\n<hr class=\"wp-block-separator has-alpha-channel-opacity\"\/>\n\n\n\n<h3 class=\"wp-block-heading\">Les pi\u00e8ces incontournables pour une garde-robe pratique<\/h3>\n\n\n\n<p>Voici quelques v\u00eatements essentiels qui r\u00e9pondent aux besoins des b\u00e9b\u00e9s tout en assurant confort et praticit\u00e9 :<\/p>\n\n\n\n<p><strong>&#8211; Les <a href=\"https:\/\/voyagedelabaleine.fr\/categorie-produit\/bodies-bebes\/\">bodies<\/a><\/strong> : Faciles \u00e0 enfiler et \u00e0 changer, ils constituent la base de toute tenue. Pr\u00e9f\u00e9rez des mod\u00e8les avec pressions pour un habillage rapide.<\/p>\n\n\n\n<p><strong>&#8211; Les pyjamas et gigoteuses<\/strong> : Ils maintiennent b\u00e9b\u00e9 bien au chaud pendant son sommeil. Les tissus doux et respirants, comme ceux en coton bio, garantissent des nuits paisibles.<\/p>\n\n\n\n<p><strong>&#8211; Les <a href=\"https:\/\/voyagedelabaleine.fr\/categorie-produit\/vetements-bebes\/pantalons-shorts-bloomers-bebes\/\">pantalons<\/a> et combinaisons souples<\/strong> : Ils doivent permettre une libert\u00e9 de mouvement totale pour les moments de jeu.<\/p>\n\n\n\n<p><strong>&#8211; Les v\u00eatements adapt\u00e9s \u00e0 la saison<\/strong> : En hiver, optez pour des mati\u00e8res chaudes comme la laine m\u00e9rinos ou les sweats molletonn\u00e9s, tandis qu\u2019en \u00e9t\u00e9, les tissus l\u00e9gers comme le lin seront vos alli\u00e9s.<\/p>\n\n\n\n<hr class=\"wp-block-separator has-alpha-channel-opacity\"\/>\n\n\n\n<h3 class=\"wp-block-heading\">Comment Voyage de la Baleine s\u00e9lectionne des v\u00eatements alliant confort et douceur<\/h3>\n\n\n\n<p>Chez Voyage de la Baleine, le bien-\u00eatre des b\u00e9b\u00e9s est au c\u0153ur de chaque cr\u00e9ation. La marque met un point d\u2019honneur \u00e0 proposer des v\u00eatements qui r\u00e9pondent \u00e0 des standards de qualit\u00e9 \u00e9lev\u00e9s.<\/p>\n\n\n\n<p><strong>Des mati\u00e8res soigneusement choisies<\/strong><br>Tous les v\u00eatements sont con\u00e7us \u00e0 partir de fibres naturelles et certifi\u00e9es, garantissant douceur et s\u00e9curit\u00e9 pour les tout-petits. Qu\u2019il s\u2019agisse d\u2019un body, d\u2019une robe ou d\u2019un pyjama, chaque pi\u00e8ce est pens\u00e9e pour envelopper b\u00e9b\u00e9 dans un cocon de confort.<\/p>\n\n\n\n<p><strong>Un design pratique et intelligent<\/strong><br>Les collections de Voyage de la Baleine privil\u00e9gient des coupes ergonomiques, id\u00e9ales pour les parents et les b\u00e9b\u00e9s. Les fermetures \u00e0 pression, les encolures extensibles et les coutures plates t\u00e9moignent d\u2019une attention particuli\u00e8re aux d\u00e9tails pratiques.<\/p>\n\n\n\n<p><strong>Une fabrication responsable et de qualit\u00e9<\/strong><br>La marque travaille avec des fabricants europ\u00e9ens respectant des standards \u00e9thiques \u00e9lev\u00e9s. Chaque v\u00eatement est con\u00e7u pour durer, m\u00eame apr\u00e8s de nombreux lavages, garantissant ainsi un rapport qualit\u00e9-prix optimal.<\/p>\n\n\n\n<hr class=\"wp-block-separator has-alpha-channel-opacity\"\/>\n\n\n\n<h3 class=\"wp-block-heading\">Le choix du confort pour un b\u00e9b\u00e9 \u00e9panoui<\/h3>\n\n\n\n<p>Les v\u00eatements adapt\u00e9s aux besoins des b\u00e9b\u00e9s ne se limitent pas \u00e0 leur apparence : ils doivent offrir confort, douceur et praticit\u00e9. En choisissant des pi\u00e8ces bien pens\u00e9es et fabriqu\u00e9es dans des mat\u00e9riaux de qualit\u00e9, vous contribuez au bien-\u00eatre quotidien de votre enfant.<\/p>\n\n\n\n<p>Faites confiance \u00e0 des marques comme Voyage de la Baleine, qui allient savoir-faire et amour pour offrir \u00e0 votre b\u00e9b\u00e9 le meilleur de la mode confortable. Parce qu\u2019un b\u00e9b\u00e9 bien habill\u00e9 est un b\u00e9b\u00e9 heureux et apais\u00e9.<\/p>\n\n\n\n<p><\/p>\n","protected":false},"excerpt":{"rendered":"<p>Habiller un b\u00e9b\u00e9 ne se limite pas \u00e0 choisir des tenues adorables : le confort et la praticit\u00e9 doivent \u00eatre au c\u0153ur de chaque d\u00e9cision. Avec leur peau fragile et leurs mouvements encore maladroits, les tout-petits n\u00e9cessitent des v\u00eatements sp\u00e9cialement pens\u00e9s pour leur bien-\u00eatre. D\u00e9couvrez nos conseils pour composer une garde-robe confortable et pratique, et [&hellip;]<\/p>\n","protected":false},"author":222595022,"featured_media":14726,"comment_status":"open","ping_status":"open","sticky":false,"template":"","format":"standard","meta":{"ocean_post_layout":"","ocean_both_sidebars_style":"","ocean_both_sidebars_content_width":0,"ocean_both_sidebars_sidebars_width":0,"ocean_sidebar":"","ocean_second_sidebar":"","ocean_disable_margins":"enable","ocean_add_body_class":"","ocean_shortcode_before_top_bar":"","ocean_shortcode_after_top_bar":"","ocean_shortcode_before_header":"","ocean_shortcode_after_header":"","ocean_has_shortcode":"","ocean_shortcode_after_title":"","ocean_shortcode_before_footer_widgets":"","ocean_shortcode_after_footer_widgets":"","ocean_shortcode_before_footer_bottom":"","ocean_shortcode_after_footer_bottom":"","ocean_display_top_bar":"default","ocean_display_header":"default","ocean_header_style":"","ocean_center_header_left_menu":"","ocean_custom_header_template":"","ocean_custom_logo":0,"ocean_custom_retina_logo":0,"ocean_custom_logo_max_width":0,"ocean_custom_logo_tablet_max_width":0,"ocean_custom_logo_mobile_max_width":0,"ocean_custom_logo_max_height":0,"ocean_custom_logo_tablet_max_height":0,"ocean_custom_logo_mobile_max_height":0,"ocean_header_custom_menu":"","ocean_menu_typo_font_family":"","ocean_menu_typo_font_subset":"","ocean_menu_typo_font_size":0,"ocean_menu_typo_font_size_tablet":0,"ocean_menu_typo_font_size_mobile":0,"ocean_menu_typo_font_size_unit":"px","ocean_menu_typo_font_weight":"","ocean_menu_typo_font_weight_tablet":"","ocean_menu_typo_font_weight_mobile":"","ocean_menu_typo_transform":"","ocean_menu_typo_transform_tablet":"","ocean_menu_typo_transform_mobile":"","ocean_menu_typo_line_height":0,"ocean_menu_typo_line_height_tablet":0,"ocean_menu_typo_line_height_mobile":0,"ocean_menu_typo_line_height_unit":"","ocean_menu_typo_spacing":0,"ocean_menu_typo_spacing_tablet":0,"ocean_menu_typo_spacing_mobile":0,"ocean_menu_typo_spacing_unit":"","ocean_menu_link_color":"","ocean_menu_link_color_hover":"","ocean_menu_link_color_active":"","ocean_menu_link_background":"","ocean_menu_link_hover_background":"","ocean_menu_link_active_background":"","ocean_menu_social_links_bg":"","ocean_menu_social_hover_links_bg":"","ocean_menu_social_links_color":"","ocean_menu_social_hover_links_color":"","ocean_disable_title":"default","ocean_disable_heading":"default","ocean_post_title":"","ocean_post_subheading":"","ocean_post_title_style":"","ocean_post_title_background_color":"","ocean_post_title_background":0,"ocean_post_title_bg_image_position":"","ocean_post_title_bg_image_attachment":"","ocean_post_title_bg_image_repeat":"","ocean_post_title_bg_image_size":"","ocean_post_title_height":0,"ocean_post_title_bg_overlay":0.5,"ocean_post_title_bg_overlay_color":"","ocean_disable_breadcrumbs":"default","ocean_breadcrumbs_color":"","ocean_breadcrumbs_separator_color":"","ocean_breadcrumbs_links_color":"","ocean_breadcrumbs_links_hover_color":"","ocean_display_footer_widgets":"default","ocean_display_footer_bottom":"default","ocean_custom_footer_template":"","osh_disable_topbar_sticky":"default","osh_disable_header_sticky":"default","osh_sticky_header_style":"default","osh_sticky_header_effect":"","osh_custom_sticky_logo":0,"osh_custom_retina_sticky_logo":0,"osh_custom_sticky_logo_height":0,"osh_background_color":"","osh_links_color":"","osh_links_hover_color":"","osh_links_active_color":"","osh_links_bg_color":"","osh_links_hover_bg_color":"","osh_links_active_bg_color":"","osh_menu_social_links_color":"","osh_menu_social_hover_links_color":"","ocean_post_oembed":"","ocean_post_self_hosted_media":"","ocean_post_video_embed":"","ocean_link_format":"","ocean_link_format_target":"self","ocean_quote_format":"","ocean_quote_format_link":"post","ocean_gallery_link_images":"on","ocean_gallery_id":[],"footnotes":""},"categories":[6325],"tags":[],"class_list":["post-14724","post","type-post","status-publish","format-standard","has-post-thumbnail","hentry","category-non-categorise","entry","has-media","owp-thumbs-layout-vertical","owp-btn-big","owp-tabs-layout-vertical","has-no-thumbnails","circle-sale"],"yoast_head":"<!-- This site is optimized with the Yoast SEO plugin v27.1.1 - https:\/\/yoast.com\/product\/yoast-seo-wordpress\/ -->\n<title>Le confort avant tout : comment choisir des v\u00eatements adapt\u00e9s aux besoins des b\u00e9b\u00e9s ? - Voyage de la Baleine<\/title>\n<meta name=\"description\" content=\"Donnez des conseils pour choisir des v\u00eatements b\u00e9b\u00e9 qui garantissent confort et praticit\u00e9, et expliquez comment Voyage de la Baleine s\u00e9lectionne des v\u00eatements alliant douceur et confort pour les b\u00e9b\u00e9s.\" \/>\n<meta name=\"robots\" content=\"index, follow, max-snippet:-1, max-image-preview:large, max-video-preview:-1\" \/>\n<link rel=\"canonical\" href=\"https:\/\/voyagedelabaleine.fr\/en\/le-confort-avant-tout-comment-choisir-des-vetements-adaptes-aux-besoins-des-bebes\/\" \/>\n<meta property=\"og:locale\" content=\"en_US\" \/>\n<meta property=\"og:type\" content=\"article\" \/>\n<meta property=\"og:title\" content=\"Le confort avant tout : comment choisir des v\u00eatements adapt\u00e9s aux besoins des b\u00e9b\u00e9s ? - Voyage de la Baleine\" \/>\n<meta property=\"og:description\" content=\"Donnez des conseils pour choisir des v\u00eatements b\u00e9b\u00e9 qui garantissent confort et praticit\u00e9, et expliquez comment Voyage de la Baleine s\u00e9lectionne des v\u00eatements alliant douceur et confort pour les b\u00e9b\u00e9s.\" \/>\n<meta property=\"og:url\" content=\"https:\/\/voyagedelabaleine.fr\/en\/le-confort-avant-tout-comment-choisir-des-vetements-adaptes-aux-besoins-des-bebes\/\" \/>\n<meta property=\"og:site_name\" content=\"Voyage de la Baleine\" \/>\n<meta property=\"article:publisher\" content=\"https:\/\/www.facebook.com\/voyagedelabaleine\/\" \/>\n<meta property=\"article:published_time\" content=\"2024-11-19T10:57:35+00:00\" \/>\n<meta property=\"article:modified_time\" content=\"2024-11-25T16:32:27+00:00\" \/>\n<meta property=\"og:image\" content=\"https:\/\/voyagedelabaleine.fr\/wp-content\/uploads\/2024\/11\/image-1.png\" \/>\n\t<meta property=\"og:image:width\" content=\"1024\" \/>\n\t<meta property=\"og:image:height\" content=\"768\" \/>\n\t<meta property=\"og:image:type\" content=\"image\/png\" \/>\n<meta name=\"author\" content=\"LeVoyagedelaBaleine\" \/>\n<meta name=\"twitter:card\" content=\"summary_large_image\" \/>\n<meta name=\"twitter:label1\" content=\"Written by\" \/>\n\t<meta name=\"twitter:data1\" content=\"LeVoyagedelaBaleine\" \/>\n\t<meta name=\"twitter:label2\" content=\"Est. reading time\" \/>\n\t<meta name=\"twitter:data2\" content=\"4 minutes\" \/>\n<script type=\"application\/ld+json\" class=\"yoast-schema-graph\">{\"@context\":\"https:\/\/schema.org\",\"@graph\":[{\"@type\":\"Article\",\"@id\":\"https:\/\/voyagedelabaleine.fr\/en\/le-confort-avant-tout-comment-choisir-des-vetements-adaptes-aux-besoins-des-bebes\/#article\",\"isPartOf\":{\"@id\":\"https:\/\/voyagedelabaleine.fr\/en\/le-confort-avant-tout-comment-choisir-des-vetements-adaptes-aux-besoins-des-bebes\/\"},\"author\":{\"name\":\"LeVoyagedelaBaleine\",\"@id\":\"https:\/\/voyagedelabaleine.fr\/en\/#\/schema\/person\/3e973e5cd2782f6657fc067a702b83f9\"},\"headline\":\"Le confort avant tout : comment choisir des v\u00eatements adapt\u00e9s aux besoins des b\u00e9b\u00e9s ?\",\"datePublished\":\"2024-11-19T10:57:35+00:00\",\"dateModified\":\"2024-11-25T16:32:27+00:00\",\"mainEntityOfPage\":{\"@id\":\"https:\/\/voyagedelabaleine.fr\/en\/le-confort-avant-tout-comment-choisir-des-vetements-adaptes-aux-besoins-des-bebes\/\"},\"wordCount\":767,\"commentCount\":2,\"publisher\":{\"@id\":\"https:\/\/voyagedelabaleine.fr\/en\/#organization\"},\"image\":{\"@id\":\"https:\/\/voyagedelabaleine.fr\/en\/le-confort-avant-tout-comment-choisir-des-vetements-adaptes-aux-besoins-des-bebes\/#primaryimage\"},\"thumbnailUrl\":\"https:\/\/voyagedelabaleine.fr\/wp-content\/uploads\/2024\/11\/image-1.png\",\"articleSection\":[\"Non cat\u00e9goris\u00e9\"],\"inLanguage\":\"en-US\",\"potentialAction\":[{\"@type\":\"CommentAction\",\"name\":\"Comment\",\"target\":[\"https:\/\/voyagedelabaleine.fr\/en\/le-confort-avant-tout-comment-choisir-des-vetements-adaptes-aux-besoins-des-bebes\/#respond\"]}]},{\"@type\":\"WebPage\",\"@id\":\"https:\/\/voyagedelabaleine.fr\/en\/le-confort-avant-tout-comment-choisir-des-vetements-adaptes-aux-besoins-des-bebes\/\",\"url\":\"https:\/\/voyagedelabaleine.fr\/en\/le-confort-avant-tout-comment-choisir-des-vetements-adaptes-aux-besoins-des-bebes\/\",\"name\":\"Le confort avant tout : comment choisir des v\u00eatements adapt\u00e9s aux besoins des b\u00e9b\u00e9s ? - Voyage de la Baleine\",\"isPartOf\":{\"@id\":\"https:\/\/voyagedelabaleine.fr\/en\/#website\"},\"primaryImageOfPage\":{\"@id\":\"https:\/\/voyagedelabaleine.fr\/en\/le-confort-avant-tout-comment-choisir-des-vetements-adaptes-aux-besoins-des-bebes\/#primaryimage\"},\"image\":{\"@id\":\"https:\/\/voyagedelabaleine.fr\/en\/le-confort-avant-tout-comment-choisir-des-vetements-adaptes-aux-besoins-des-bebes\/#primaryimage\"},\"thumbnailUrl\":\"https:\/\/voyagedelabaleine.fr\/wp-content\/uploads\/2024\/11\/image-1.png\",\"datePublished\":\"2024-11-19T10:57:35+00:00\",\"dateModified\":\"2024-11-25T16:32:27+00:00\",\"description\":\"Donnez des conseils pour choisir des v\u00eatements b\u00e9b\u00e9 qui garantissent confort et praticit\u00e9, et expliquez comment Voyage de la Baleine s\u00e9lectionne des v\u00eatements alliant douceur et confort pour les b\u00e9b\u00e9s.\",\"breadcrumb\":{\"@id\":\"https:\/\/voyagedelabaleine.fr\/en\/le-confort-avant-tout-comment-choisir-des-vetements-adaptes-aux-besoins-des-bebes\/#breadcrumb\"},\"inLanguage\":\"en-US\",\"potentialAction\":[{\"@type\":\"ReadAction\",\"target\":[\"https:\/\/voyagedelabaleine.fr\/en\/le-confort-avant-tout-comment-choisir-des-vetements-adaptes-aux-besoins-des-bebes\/\"]}]},{\"@type\":\"ImageObject\",\"inLanguage\":\"en-US\",\"@id\":\"https:\/\/voyagedelabaleine.fr\/en\/le-confort-avant-tout-comment-choisir-des-vetements-adaptes-aux-besoins-des-bebes\/#primaryimage\",\"url\":\"https:\/\/voyagedelabaleine.fr\/wp-content\/uploads\/2024\/11\/image-1.png\",\"contentUrl\":\"https:\/\/voyagedelabaleine.fr\/wp-content\/uploads\/2024\/11\/image-1.png\",\"width\":1024,\"height\":768},{\"@type\":\"BreadcrumbList\",\"@id\":\"https:\/\/voyagedelabaleine.fr\/en\/le-confort-avant-tout-comment-choisir-des-vetements-adaptes-aux-besoins-des-bebes\/#breadcrumb\",\"itemListElement\":[{\"@type\":\"ListItem\",\"position\":1,\"name\":\"Accueil\",\"item\":\"https:\/\/voyagedelabaleine.fr\/en\/timeless-refined-clothing-babies-children\/\"},{\"@type\":\"ListItem\",\"position\":2,\"name\":\"Le confort avant tout : comment choisir des v\u00eatements adapt\u00e9s aux besoins des b\u00e9b\u00e9s ?\"}]},{\"@type\":\"WebSite\",\"@id\":\"https:\/\/voyagedelabaleine.fr\/en\/#website\",\"url\":\"https:\/\/voyagedelabaleine.fr\/en\/\",\"name\":\"Voyage de la Baleine\",\"description\":\"V\u00eatements intemporels et raffin\u00e9s pour b\u00e9b\u00e9s et enfants\",\"publisher\":{\"@id\":\"https:\/\/voyagedelabaleine.fr\/en\/#organization\"},\"potentialAction\":[{\"@type\":\"SearchAction\",\"target\":{\"@type\":\"EntryPoint\",\"urlTemplate\":\"https:\/\/voyagedelabaleine.fr\/en\/?s={search_term_string}\"},\"query-input\":{\"@type\":\"PropertyValueSpecification\",\"valueRequired\":true,\"valueName\":\"search_term_string\"}}],\"inLanguage\":\"en-US\"},{\"@type\":\"Organization\",\"@id\":\"https:\/\/voyagedelabaleine.fr\/en\/#organization\",\"name\":\"Voyage de la Baleine\",\"url\":\"https:\/\/voyagedelabaleine.fr\/en\/\",\"logo\":{\"@type\":\"ImageObject\",\"inLanguage\":\"en-US\",\"@id\":\"https:\/\/voyagedelabaleine.fr\/en\/#\/schema\/logo\/image\/\",\"url\":\"https:\/\/voyagedelabaleine.fr\/wp-content\/uploads\/2025\/06\/logo.webp\",\"contentUrl\":\"https:\/\/voyagedelabaleine.fr\/wp-content\/uploads\/2025\/06\/logo.webp\",\"width\":153,\"height\":64,\"caption\":\"Voyage de la Baleine\"},\"image\":{\"@id\":\"https:\/\/voyagedelabaleine.fr\/en\/#\/schema\/logo\/image\/\"},\"sameAs\":[\"https:\/\/www.facebook.com\/voyagedelabaleine\/\",\"https:\/\/www.instagram.com\/voyagedelabaleine\/\",\"https:\/\/www.pinterest.fr\/Voyagedelabaleine\/\"]},{\"@type\":\"Person\",\"@id\":\"https:\/\/voyagedelabaleine.fr\/en\/#\/schema\/person\/3e973e5cd2782f6657fc067a702b83f9\",\"name\":\"LeVoyagedelaBaleine\",\"image\":{\"@type\":\"ImageObject\",\"inLanguage\":\"en-US\",\"@id\":\"https:\/\/voyagedelabaleine.fr\/en\/#\/schema\/person\/image\/\",\"url\":\"https:\/\/secure.gravatar.com\/avatar\/37645d556c128973cd6db18a57028fc40b25730c9e9778c37da03c8fe0e6ab35?s=96&d=identicon&r=g\",\"contentUrl\":\"https:\/\/secure.gravatar.com\/avatar\/37645d556c128973cd6db18a57028fc40b25730c9e9778c37da03c8fe0e6ab35?s=96&d=identicon&r=g\",\"caption\":\"LeVoyagedelaBaleine\"},\"sameAs\":[\"http:\/\/petitebaleinedotfr.wordpress.com\"]}]}<\/script>\n<!-- \/ Yoast SEO plugin. -->","yoast_head_json":{"title":"Le confort avant tout : comment choisir des v\u00eatements adapt\u00e9s aux besoins des b\u00e9b\u00e9s ? - Voyage de la Baleine","description":"Donnez des conseils pour choisir des v\u00eatements b\u00e9b\u00e9 qui garantissent confort et praticit\u00e9, et expliquez comment Voyage de la Baleine s\u00e9lectionne des v\u00eatements alliant douceur et confort pour les b\u00e9b\u00e9s.","robots":{"index":"index","follow":"follow","max-snippet":"max-snippet:-1","max-image-preview":"max-image-preview:large","max-video-preview":"max-video-preview:-1"},"canonical":"https:\/\/voyagedelabaleine.fr\/en\/le-confort-avant-tout-comment-choisir-des-vetements-adaptes-aux-besoins-des-bebes\/","og_locale":"en_US","og_type":"article","og_title":"Le confort avant tout : comment choisir des v\u00eatements adapt\u00e9s aux besoins des b\u00e9b\u00e9s ? - Voyage de la Baleine","og_description":"Donnez des conseils pour choisir des v\u00eatements b\u00e9b\u00e9 qui garantissent confort et praticit\u00e9, et expliquez comment Voyage de la Baleine s\u00e9lectionne des v\u00eatements alliant douceur et confort pour les b\u00e9b\u00e9s.","og_url":"https:\/\/voyagedelabaleine.fr\/en\/le-confort-avant-tout-comment-choisir-des-vetements-adaptes-aux-besoins-des-bebes\/","og_site_name":"Voyage de la Baleine","article_publisher":"https:\/\/www.facebook.com\/voyagedelabaleine\/","article_published_time":"2024-11-19T10:57:35+00:00","article_modified_time":"2024-11-25T16:32:27+00:00","og_image":[{"width":1024,"height":768,"url":"https:\/\/voyagedelabaleine.fr\/wp-content\/uploads\/2024\/11\/image-1.png","type":"image\/png"}],"author":"LeVoyagedelaBaleine","twitter_card":"summary_large_image","twitter_misc":{"Written by":"LeVoyagedelaBaleine","Est. reading time":"4 minutes"},"schema":{"@context":"https:\/\/schema.org","@graph":[{"@type":"Article","@id":"https:\/\/voyagedelabaleine.fr\/en\/le-confort-avant-tout-comment-choisir-des-vetements-adaptes-aux-besoins-des-bebes\/#article","isPartOf":{"@id":"https:\/\/voyagedelabaleine.fr\/en\/le-confort-avant-tout-comment-choisir-des-vetements-adaptes-aux-besoins-des-bebes\/"},"author":{"name":"LeVoyagedelaBaleine","@id":"https:\/\/voyagedelabaleine.fr\/en\/#\/schema\/person\/3e973e5cd2782f6657fc067a702b83f9"},"headline":"Le confort avant tout : comment choisir des v\u00eatements adapt\u00e9s aux besoins des b\u00e9b\u00e9s ?","datePublished":"2024-11-19T10:57:35+00:00","dateModified":"2024-11-25T16:32:27+00:00","mainEntityOfPage":{"@id":"https:\/\/voyagedelabaleine.fr\/en\/le-confort-avant-tout-comment-choisir-des-vetements-adaptes-aux-besoins-des-bebes\/"},"wordCount":767,"commentCount":2,"publisher":{"@id":"https:\/\/voyagedelabaleine.fr\/en\/#organization"},"image":{"@id":"https:\/\/voyagedelabaleine.fr\/en\/le-confort-avant-tout-comment-choisir-des-vetements-adaptes-aux-besoins-des-bebes\/#primaryimage"},"thumbnailUrl":"https:\/\/voyagedelabaleine.fr\/wp-content\/uploads\/2024\/11\/image-1.png","articleSection":["Non cat\u00e9goris\u00e9"],"inLanguage":"en-US","potentialAction":[{"@type":"CommentAction","name":"Comment","target":["https:\/\/voyagedelabaleine.fr\/en\/le-confort-avant-tout-comment-choisir-des-vetements-adaptes-aux-besoins-des-bebes\/#respond"]}]},{"@type":"WebPage","@id":"https:\/\/voyagedelabaleine.fr\/en\/le-confort-avant-tout-comment-choisir-des-vetements-adaptes-aux-besoins-des-bebes\/","url":"https:\/\/voyagedelabaleine.fr\/en\/le-confort-avant-tout-comment-choisir-des-vetements-adaptes-aux-besoins-des-bebes\/","name":"Le confort avant tout : comment choisir des v\u00eatements adapt\u00e9s aux besoins des b\u00e9b\u00e9s ? - Voyage de la Baleine","isPartOf":{"@id":"https:\/\/voyagedelabaleine.fr\/en\/#website"},"primaryImageOfPage":{"@id":"https:\/\/voyagedelabaleine.fr\/en\/le-confort-avant-tout-comment-choisir-des-vetements-adaptes-aux-besoins-des-bebes\/#primaryimage"},"image":{"@id":"https:\/\/voyagedelabaleine.fr\/en\/le-confort-avant-tout-comment-choisir-des-vetements-adaptes-aux-besoins-des-bebes\/#primaryimage"},"thumbnailUrl":"https:\/\/voyagedelabaleine.fr\/wp-content\/uploads\/2024\/11\/image-1.png","datePublished":"2024-11-19T10:57:35+00:00","dateModified":"2024-11-25T16:32:27+00:00","description":"Donnez des conseils pour choisir des v\u00eatements b\u00e9b\u00e9 qui garantissent confort et praticit\u00e9, et expliquez comment Voyage de la Baleine s\u00e9lectionne des v\u00eatements alliant douceur et confort pour les b\u00e9b\u00e9s.","breadcrumb":{"@id":"https:\/\/voyagedelabaleine.fr\/en\/le-confort-avant-tout-comment-choisir-des-vetements-adaptes-aux-besoins-des-bebes\/#breadcrumb"},"inLanguage":"en-US","potentialAction":[{"@type":"ReadAction","target":["https:\/\/voyagedelabaleine.fr\/en\/le-confort-avant-tout-comment-choisir-des-vetements-adaptes-aux-besoins-des-bebes\/"]}]},{"@type":"ImageObject","inLanguage":"en-US","@id":"https:\/\/voyagedelabaleine.fr\/en\/le-confort-avant-tout-comment-choisir-des-vetements-adaptes-aux-besoins-des-bebes\/#primaryimage","url":"https:\/\/voyagedelabaleine.fr\/wp-content\/uploads\/2024\/11\/image-1.png","contentUrl":"https:\/\/voyagedelabaleine.fr\/wp-content\/uploads\/2024\/11\/image-1.png","width":1024,"height":768},{"@type":"BreadcrumbList","@id":"https:\/\/voyagedelabaleine.fr\/en\/le-confort-avant-tout-comment-choisir-des-vetements-adaptes-aux-besoins-des-bebes\/#breadcrumb","itemListElement":[{"@type":"ListItem","position":1,"name":"Accueil","item":"https:\/\/voyagedelabaleine.fr\/en\/timeless-refined-clothing-babies-children\/"},{"@type":"ListItem","position":2,"name":"Le confort avant tout : comment choisir des v\u00eatements adapt\u00e9s aux besoins des b\u00e9b\u00e9s ?"}]},{"@type":"WebSite","@id":"https:\/\/voyagedelabaleine.fr\/en\/#website","url":"https:\/\/voyagedelabaleine.fr\/en\/","name":"Voyage de la Baleine","description":"V\u00eatements intemporels et raffin\u00e9s pour b\u00e9b\u00e9s et enfants","publisher":{"@id":"https:\/\/voyagedelabaleine.fr\/en\/#organization"},"potentialAction":[{"@type":"SearchAction","target":{"@type":"EntryPoint","urlTemplate":"https:\/\/voyagedelabaleine.fr\/en\/?s={search_term_string}"},"query-input":{"@type":"PropertyValueSpecification","valueRequired":true,"valueName":"search_term_string"}}],"inLanguage":"en-US"},{"@type":"Organization","@id":"https:\/\/voyagedelabaleine.fr\/en\/#organization","name":"Voyage de la Baleine","url":"https:\/\/voyagedelabaleine.fr\/en\/","logo":{"@type":"ImageObject","inLanguage":"en-US","@id":"https:\/\/voyagedelabaleine.fr\/en\/#\/schema\/logo\/image\/","url":"https:\/\/voyagedelabaleine.fr\/wp-content\/uploads\/2025\/06\/logo.webp","contentUrl":"https:\/\/voyagedelabaleine.fr\/wp-content\/uploads\/2025\/06\/logo.webp","width":153,"height":64,"caption":"Voyage de la Baleine"},"image":{"@id":"https:\/\/voyagedelabaleine.fr\/en\/#\/schema\/logo\/image\/"},"sameAs":["https:\/\/www.facebook.com\/voyagedelabaleine\/","https:\/\/www.instagram.com\/voyagedelabaleine\/","https:\/\/www.pinterest.fr\/Voyagedelabaleine\/"]},{"@type":"Person","@id":"https:\/\/voyagedelabaleine.fr\/en\/#\/schema\/person\/3e973e5cd2782f6657fc067a702b83f9","name":"LeVoyagedelaBaleine","image":{"@type":"ImageObject","inLanguage":"en-US","@id":"https:\/\/voyagedelabaleine.fr\/en\/#\/schema\/person\/image\/","url":"https:\/\/secure.gravatar.com\/avatar\/37645d556c128973cd6db18a57028fc40b25730c9e9778c37da03c8fe0e6ab35?s=96&d=identicon&r=g","contentUrl":"https:\/\/secure.gravatar.com\/avatar\/37645d556c128973cd6db18a57028fc40b25730c9e9778c37da03c8fe0e6ab35?s=96&d=identicon&r=g","caption":"LeVoyagedelaBaleine"},"sameAs":["http:\/\/petitebaleinedotfr.wordpress.com"]}]}},"_links":{"self":[{"href":"https:\/\/voyagedelabaleine.fr\/en\/wp-json\/wp\/v2\/posts\/14724","targetHints":{"allow":["GET"]}}],"collection":[{"href":"https:\/\/voyagedelabaleine.fr\/en\/wp-json\/wp\/v2\/posts"}],"about":[{"href":"https:\/\/voyagedelabaleine.fr\/en\/wp-json\/wp\/v2\/types\/post"}],"author":[{"embeddable":true,"href":"https:\/\/voyagedelabaleine.fr\/en\/wp-json\/wp\/v2\/users\/222595022"}],"replies":[{"embeddable":true,"href":"https:\/\/voyagedelabaleine.fr\/en\/wp-json\/wp\/v2\/comments?post=14724"}],"version-history":[{"count":0,"href":"https:\/\/voyagedelabaleine.fr\/en\/wp-json\/wp\/v2\/posts\/14724\/revisions"}],"wp:featuredmedia":[{"embeddable":true,"href":"https:\/\/voyagedelabaleine.fr\/en\/wp-json\/wp\/v2\/media\/14726"}],"wp:attachment":[{"href":"https:\/\/voyagedelabaleine.fr\/en\/wp-json\/wp\/v2\/media?parent=14724"}],"wp:term":[{"taxonomy":"category","embeddable":true,"href":"https:\/\/voyagedelabaleine.fr\/en\/wp-json\/wp\/v2\/categories?post=14724"},{"taxonomy":"post_tag","embeddable":true,"href":"https:\/\/voyagedelabaleine.fr\/en\/wp-json\/wp\/v2\/tags?post=14724"}],"curies":[{"name":"wp","href":"https:\/\/api.w.org\/{rel}","templated":true}]}}