{"id":15104,"date":"2024-12-16T16:25:14","date_gmt":"2024-12-16T15:25:14","guid":{"rendered":"https:\/\/voyagedelabaleine.fr\/?p=15104"},"modified":"2024-12-20T16:30:47","modified_gmt":"2024-12-20T15:30:47","slug":"les-premiers-vetements-de-bebe-guide-pour-bien-choisir-les-premieres-tenues-de-votre-tout-petit","status":"publish","type":"post","link":"https:\/\/voyagedelabaleine.fr\/en\/les-premiers-vetements-de-bebe-guide-pour-bien-choisir-les-premieres-tenues-de-votre-tout-petit\/","title":{"rendered":"Les premiers v\u00eatements de b\u00e9b\u00e9 : guide pour bien choisir les premi\u00e8res tenues de votre tout-petit"},"content":{"rendered":"\n<figure class=\"wp-block-image size-large\"><img decoding=\"async\" width=\"1024\" height=\"1024\" src=\"https:\/\/voyagedelabaleine.fr\/wp-content\/uploads\/2024\/10\/Capture-decran-2024-10-22-a-22.58.36-fotor-2024102719484-1024x1024.jpg\" alt=\"Les tenues de No\u00ebl b\u00e9b\u00e9\" class=\"wp-image-13585\" srcset=\"https:\/\/voyagedelabaleine.fr\/wp-content\/uploads\/2024\/10\/Capture-decran-2024-10-22-a-22.58.36-fotor-2024102719484-1024x1024.jpg 1024w, https:\/\/voyagedelabaleine.fr\/wp-content\/uploads\/2024\/10\/Capture-decran-2024-10-22-a-22.58.36-fotor-2024102719484-150x150.jpg 150w, https:\/\/voyagedelabaleine.fr\/wp-content\/uploads\/2024\/10\/Capture-decran-2024-10-22-a-22.58.36-fotor-2024102719484-300x300.jpg 300w, https:\/\/voyagedelabaleine.fr\/wp-content\/uploads\/2024\/10\/Capture-decran-2024-10-22-a-22.58.36-fotor-2024102719484-768x768.jpg 768w, https:\/\/voyagedelabaleine.fr\/wp-content\/uploads\/2024\/10\/Capture-decran-2024-10-22-a-22.58.36-fotor-2024102719484-600x600.jpg 600w, https:\/\/voyagedelabaleine.fr\/wp-content\/uploads\/2024\/10\/Capture-decran-2024-10-22-a-22.58.36-fotor-2024102719484-100x100.jpg 100w, https:\/\/voyagedelabaleine.fr\/wp-content\/uploads\/2024\/10\/Capture-decran-2024-10-22-a-22.58.36-fotor-2024102719484.jpg 1369w\" sizes=\"(max-width: 1024px) 100vw, 1024px\" \/><\/figure>\n\n\n\n<p>Les premiers mois de la vie de votre b\u00e9b\u00e9 sont remplis de d\u00e9couvertes et de moments inoubliables, mais aussi de d\u00e9cisions pratiques \u00e0 prendre. Choisir les bons v\u00eatements pour votre tout-petit peut parfois sembler compliqu\u00e9, surtout lorsque vous \u00eates confront\u00e9 <a href=\"https:\/\/voyagedelabaleine.fr\/lart-de-choisir-des-vetements-bebe-adaptes-aux-differents-stades-de-developpement-physique\/\">\u00e0 un large choix de <strong>v\u00eatements b\u00e9b\u00e9<\/strong> adapt\u00e9s \u00e0 diff\u00e9rentes \u00e9tapes de croissance<\/a> et aux saisons. En tant que jeunes parents, vous vous demandez probablement quels v\u00eatements choisir pour votre <strong>b\u00e9b\u00e9<\/strong> en fonction de son <strong>\u00e2ge<\/strong>, des temp\u00e9ratures et de ses besoins sp\u00e9cifiques. Dans ce guide, nous allons vous donner des conseils pratiques pour vous aider \u00e0 s\u00e9lectionner les meilleures tenues pour b\u00e9b\u00e9, tout en privil\u00e9giant <strong>confort<\/strong>, <strong>praticit\u00e9<\/strong> et <strong>qualit\u00e9<\/strong> pour votre petit tr\u00e9sor.<\/p>\n\n\n\n<h2 class=\"wp-block-heading\">Les v\u00eatements de b\u00e9b\u00e9 d\u00e8s la naissance : confort et s\u00e9curit\u00e9 avant tout<\/h2>\n\n\n\n<p>Lors de la naissance, votre <strong>b\u00e9b\u00e9<\/strong> a besoin de v\u00eatements <a href=\"https:\/\/voyagedelabaleine.fr\/le-confort-avant-tout-comment-choisir-des-vetements-adaptes-aux-besoins-des-bebes\/\">qui lui offrent \u00e0 la fois confort<\/a>, s\u00e9curit\u00e9 et douceur. Sa peau est particuli\u00e8rement sensible, et il est important de choisir des mat\u00e9riaux <strong>doux<\/strong> et <strong>respirants<\/strong>, tels que le <strong>coton bio<\/strong> ou la <strong>laine m\u00e9rinos<\/strong>, pour \u00e9viter toute irritation. Le <strong>body b\u00e9b\u00e9<\/strong>, qui se d\u00e9cline en mod\u00e8les \u00e0 <strong>col rond<\/strong> ou <strong>col Claudine<\/strong>, est un indispensable pour cette p\u00e9riode. Il permet de garder b\u00e9b\u00e9 au chaud tout en \u00e9tant facile \u00e0 enfiler et \u00e0 retirer.<\/p>\n\n\n\n<p>En plus du <strong>body<\/strong>, la <strong>gigoteuse<\/strong> est un excellent choix pour la nuit, offrant \u00e0 votre b\u00e9b\u00e9 une couverture douce et chaude sans risquer qu\u2019il se d\u00e9couvre. Pour les premiers mois, vous aurez \u00e9galement besoin de <strong>pyjamas b\u00e9b\u00e9<\/strong>, qui doivent \u00eatre adapt\u00e9s \u00e0 la temp\u00e9rature ambiante et \u00e0 l\u2019activit\u00e9 de b\u00e9b\u00e9. Lors des journ\u00e9es plus fra\u00eeches, un <strong>manteau b\u00e9b\u00e9<\/strong> ou un <strong>gilet<\/strong> en laine peut \u00eatre un ajout essentiel pour garder b\u00e9b\u00e9 au chaud, tout en permettant \u00e0 la peau de respirer.<\/p>\n\n\n\n<h2 class=\"wp-block-heading\">Les v\u00eatements pour b\u00e9b\u00e9 entre 3 et 6 mois : privil\u00e9gier la mobilit\u00e9 et le confort<\/h2>\n\n\n\n<p>Entre 3 et 6 mois, votre <strong>b\u00e9b\u00e9<\/strong> commence \u00e0 devenir plus mobile. Il passe plus de temps \u00e0 jouer sur le ventre, \u00e0 se retourner et \u00e0 interagir avec son environnement. Il est donc important de choisir des <strong>v\u00eatements b\u00e9b\u00e9<\/strong> qui lui offrent une grande libert\u00e9 de mouvement. Des mod\u00e8les comme les <strong>salopettes b\u00e9b\u00e9<\/strong>, les <strong>pantalons extensibles<\/strong> ou les <strong>robes b\u00e9b\u00e9<\/strong> sont id\u00e9aux, car ils offrent suffisamment de place pour que votre b\u00e9b\u00e9 puisse se d\u00e9placer facilement.<\/p>\n\n\n\n<p>Pour cette p\u00e9riode, il est essentiel de privil\u00e9gier des v\u00eatements pratiques, faciles \u00e0 mettre et \u00e0 enlever, comme des <strong>bodies b\u00e9b\u00e9 \u00e0 fermeture \u00e9clair<\/strong> ou des mod\u00e8les avec des boutons-pression. Optez pour des mati\u00e8res comme le <strong>coton doux<\/strong> ou le <strong>velours c\u00f4tel\u00e9<\/strong>, qui sont confortables et faciles d&#8217;entretien. <a href=\"https:\/\/voyagedelabaleine.fr\/categorie-produit\/chaussettes-collants-bebes\/\">Les <strong>chaussettes b\u00e9b\u00e9<\/strong> doivent \u00e9galement \u00eatre douces<\/a> et respirantes, tout en restant bien en place pendant que b\u00e9b\u00e9 explore.<\/p>\n\n\n\n<h2 class=\"wp-block-heading\">Les v\u00eatements pour b\u00e9b\u00e9 entre 6 et 12 mois : confort pour la croissance et l&#8217;ind\u00e9pendance<\/h2>\n\n\n\n<p>Lorsque votre <strong>b\u00e9b\u00e9<\/strong> atteint les 6 \u00e0 12 mois, il devient encore plus curieux et commence \u00e0 s\u2019asseoir, \u00e0 ramper, voire \u00e0 faire ses premiers pas. \u00c0 cette \u00e9tape, les v\u00eatements doivent accompagner sa croissance tout en offrant un confort optimal. Les <strong>gilets b\u00e9b\u00e9<\/strong>, <strong>pantalons b\u00e9b\u00e9<\/strong> ajust\u00e9s et les <strong>robes b\u00e9b\u00e9<\/strong> avec des motifs d\u00e9licats ou des <strong>broderies<\/strong> ajoutent une touche d\u2019\u00e9l\u00e9gance tout en permettant \u00e0 b\u00e9b\u00e9 de se mouvoir librement.<\/p>\n\n\n\n<p>Les <strong>chaussures souples<\/strong> sont particuli\u00e8rement importantes \u00e0 cette \u00e9tape, car elles offrent une protection sans limiter les mouvements de b\u00e9b\u00e9. Les chaussures en <strong>cuir souple<\/strong> sont id\u00e9ales pour cette p\u00e9riode, car elles permettent \u00e0 b\u00e9b\u00e9 de sentir le sol tout en offrant un soutien l\u00e9ger. Pour les nuits fra\u00eeches, un <strong>pyjama b\u00e9b\u00e9<\/strong> doux, ajust\u00e9 et facile \u00e0 enfiler garantit que b\u00e9b\u00e9 soit bien au chaud sans \u00eatre restreint dans ses mouvements.<\/p>\n\n\n\n<h2 class=\"wp-block-heading\">Les v\u00eatements pour b\u00e9b\u00e9 entre 12 et 18 mois : pour les premiers pas et plus d\u2019ind\u00e9pendance<\/h2>\n\n\n\n<p>Lors de ses premiers pas, votre <strong>b\u00e9b\u00e9<\/strong> aura besoin de v\u00eatements qui lui permettent de bouger librement et en toute s\u00e9curit\u00e9. \u00c0 ce stade, il commence \u00e0 marcher et \u00e0 explorer son environnement de mani\u00e8re plus active. Il est donc important de choisir des <strong>v\u00eatements b\u00e9b\u00e9<\/strong> qui favorisent la mobilit\u00e9 tout en \u00e9tant suffisamment chauds pour les saisons fra\u00eeches.<\/p>\n\n\n\n<p><a href=\"https:\/\/voyagedelabaleine.fr\/categorie-produit\/vetements-bebes\/pantalons-shorts-bloomers-bebes\/\">Les <strong>pantalons b\u00e9b\u00e9<\/strong> doivent \u00eatre confortables<\/a> et adapt\u00e9s \u00e0 la marche, tout en restant faciles \u00e0 enfiler. Les <strong>salopettes b\u00e9b\u00e9<\/strong>, les <strong>jogging b\u00e9b\u00e9<\/strong> et les <strong>gilets<\/strong> sont parfaits \u00e0 cette \u00e9tape. Pour les pieds de b\u00e9b\u00e9, les <strong>chaussures b\u00e9b\u00e9 souples<\/strong> sont essentielles, car elles assurent une bonne adh\u00e9rence au sol tout en permettant une grande libert\u00e9 de mouvement.<\/p>\n\n\n\n<p>Les v\u00eatements pour b\u00e9b\u00e9 entre 12 et 18 mois doivent \u00e9galement \u00eatre pens\u00e9s pour offrir un bon rapport qualit\u00e9-prix, car \u00e0 cette \u00e9tape, b\u00e9b\u00e9 grandit rapidement. Les v\u00eatements extensibles et durables comme les <strong>body b\u00e9b\u00e9<\/strong> \u00e0 manches longues ou courtes sont de bons choix pour habiller b\u00e9b\u00e9 facilement, tout en assurant une grande libert\u00e9 de mouvement.<\/p>\n\n\n\n<h2 class=\"wp-block-heading\">Bien habiller votre b\u00e9b\u00e9, un choix essentiel pour son confort et son bien-\u00eatre<\/h2>\n\n\n\n<p>Choisir les bons v\u00eatements pour votre <strong>b\u00e9b\u00e9<\/strong> en fonction de son \u00e2ge, de la saison et de ses besoins physiques est essentiel pour son bien-\u00eatre. En privil\u00e9giant des mati\u00e8res naturelles et douces comme le <strong>coton bio<\/strong> et la <strong>laine m\u00e9rinos<\/strong>, vous garantissez \u00e0 votre b\u00e9b\u00e9 des tenues confortables qui respectent sa peau d\u00e9licate. De plus, optez pour des v\u00eatements qui favorisent la libert\u00e9 de mouvement, qu&#8217;il s&#8217;agisse de <strong>pantalons extensibles<\/strong>, de <strong>salopettes b\u00e9b\u00e9<\/strong> ou de <strong>chaussures souples<\/strong>, et assurez-vous que les v\u00eatements sont adapt\u00e9s \u00e0 chaque \u00e9tape de son d\u00e9veloppement physique.<\/p>\n\n\n\n<p>En d\u00e9couvrant les bonnes pi\u00e8ces pour chaque p\u00e9riode de la vie de votre b\u00e9b\u00e9, vous pourrez l&#8217;habiller avec <strong>style<\/strong> et <strong>confort<\/strong>, tout en r\u00e9pondant \u00e0 ses besoins pratiques et fonctionnels. N&#8217;oubliez pas que la <strong>qualit\u00e9<\/strong> et le <strong>confort<\/strong> doivent toujours primer, et avec les bonnes tenues, chaque moment de la journ\u00e9e de votre b\u00e9b\u00e9 deviendra plus agr\u00e9able et facile \u00e0 vivre.<\/p>\n\n\n\n<p><\/p>\n","protected":false},"excerpt":{"rendered":"<p>Les premiers mois de la vie de votre b\u00e9b\u00e9 sont remplis de d\u00e9couvertes et de moments inoubliables, mais aussi de d\u00e9cisions pratiques \u00e0 prendre. Choisir les bons v\u00eatements pour votre tout-petit peut parfois sembler compliqu\u00e9, surtout lorsque vous \u00eates confront\u00e9 \u00e0 un large choix de v\u00eatements b\u00e9b\u00e9 adapt\u00e9s \u00e0 diff\u00e9rentes \u00e9tapes de croissance et aux [&hellip;]<\/p>\n","protected":false},"author":222595023,"featured_media":13585,"comment_status":"open","ping_status":"open","sticky":false,"template":"","format":"standard","meta":{"ocean_post_layout":"","ocean_both_sidebars_style":"","ocean_both_sidebars_content_width":0,"ocean_both_sidebars_sidebars_width":0,"ocean_sidebar":"","ocean_second_sidebar":"","ocean_disable_margins":"enable","ocean_add_body_class":"","ocean_shortcode_before_top_bar":"","ocean_shortcode_after_top_bar":"","ocean_shortcode_before_header":"","ocean_shortcode_after_header":"","ocean_has_shortcode":"","ocean_shortcode_after_title":"","ocean_shortcode_before_footer_widgets":"","ocean_shortcode_after_footer_widgets":"","ocean_shortcode_before_footer_bottom":"","ocean_shortcode_after_footer_bottom":"","ocean_display_top_bar":"default","ocean_display_header":"default","ocean_header_style":"","ocean_center_header_left_menu":"","ocean_custom_header_template":"","ocean_custom_logo":0,"ocean_custom_retina_logo":0,"ocean_custom_logo_max_width":0,"ocean_custom_logo_tablet_max_width":0,"ocean_custom_logo_mobile_max_width":0,"ocean_custom_logo_max_height":0,"ocean_custom_logo_tablet_max_height":0,"ocean_custom_logo_mobile_max_height":0,"ocean_header_custom_menu":"","ocean_menu_typo_font_family":"","ocean_menu_typo_font_subset":"","ocean_menu_typo_font_size":0,"ocean_menu_typo_font_size_tablet":0,"ocean_menu_typo_font_size_mobile":0,"ocean_menu_typo_font_size_unit":"px","ocean_menu_typo_font_weight":"","ocean_menu_typo_font_weight_tablet":"","ocean_menu_typo_font_weight_mobile":"","ocean_menu_typo_transform":"","ocean_menu_typo_transform_tablet":"","ocean_menu_typo_transform_mobile":"","ocean_menu_typo_line_height":0,"ocean_menu_typo_line_height_tablet":0,"ocean_menu_typo_line_height_mobile":0,"ocean_menu_typo_line_height_unit":"","ocean_menu_typo_spacing":0,"ocean_menu_typo_spacing_tablet":0,"ocean_menu_typo_spacing_mobile":0,"ocean_menu_typo_spacing_unit":"","ocean_menu_link_color":"","ocean_menu_link_color_hover":"","ocean_menu_link_color_active":"","ocean_menu_link_background":"","ocean_menu_link_hover_background":"","ocean_menu_link_active_background":"","ocean_menu_social_links_bg":"","ocean_menu_social_hover_links_bg":"","ocean_menu_social_links_color":"","ocean_menu_social_hover_links_color":"","ocean_disable_title":"default","ocean_disable_heading":"default","ocean_post_title":"","ocean_post_subheading":"","ocean_post_title_style":"","ocean_post_title_background_color":"","ocean_post_title_background":0,"ocean_post_title_bg_image_position":"","ocean_post_title_bg_image_attachment":"","ocean_post_title_bg_image_repeat":"","ocean_post_title_bg_image_size":"","ocean_post_title_height":0,"ocean_post_title_bg_overlay":0.5,"ocean_post_title_bg_overlay_color":"","ocean_disable_breadcrumbs":"default","ocean_breadcrumbs_color":"","ocean_breadcrumbs_separator_color":"","ocean_breadcrumbs_links_color":"","ocean_breadcrumbs_links_hover_color":"","ocean_display_footer_widgets":"default","ocean_display_footer_bottom":"default","ocean_custom_footer_template":"","osh_disable_topbar_sticky":"default","osh_disable_header_sticky":"default","osh_sticky_header_style":"default","osh_sticky_header_effect":"","osh_custom_sticky_logo":0,"osh_custom_retina_sticky_logo":0,"osh_custom_sticky_logo_height":0,"osh_background_color":"","osh_links_color":"","osh_links_hover_color":"","osh_links_active_color":"","osh_links_bg_color":"","osh_links_hover_bg_color":"","osh_links_active_bg_color":"","osh_menu_social_links_color":"","osh_menu_social_hover_links_color":"","ocean_post_oembed":"","ocean_post_self_hosted_media":"","ocean_post_video_embed":"","ocean_link_format":"","ocean_link_format_target":"self","ocean_quote_format":"","ocean_quote_format_link":"post","ocean_gallery_link_images":"on","ocean_gallery_id":[],"footnotes":""},"categories":[6325],"tags":[],"class_list":["post-15104","post","type-post","status-publish","format-standard","has-post-thumbnail","hentry","category-non-categorise","entry","has-media","owp-thumbs-layout-vertical","owp-btn-big","owp-tabs-layout-vertical","has-no-thumbnails","circle-sale"],"yoast_head":"<!-- This site is optimized with the Yoast SEO plugin v27.1.1 - https:\/\/yoast.com\/product\/yoast-seo-wordpress\/ -->\n<title>Les premiers v\u00eatements de b\u00e9b\u00e9 - Notre s\u00e9lection pour 2025 - Voyage de la Baleine<\/title>\n<meta name=\"description\" content=\"Choisir les bons v\u00eatements pour votre tout-petit peut parfois sembler compliqu\u00e9, surtout lorsque vous \u00eates confront\u00e9 \u00e0 un large choix de v\u00eatements b\u00e9b\u00e9\" \/>\n<meta name=\"robots\" content=\"index, follow, max-snippet:-1, max-image-preview:large, max-video-preview:-1\" \/>\n<link rel=\"canonical\" href=\"https:\/\/voyagedelabaleine.fr\/en\/les-premiers-vetements-de-bebe-guide-pour-bien-choisir-les-premieres-tenues-de-votre-tout-petit\/\" \/>\n<meta property=\"og:locale\" content=\"en_US\" \/>\n<meta property=\"og:type\" content=\"article\" \/>\n<meta property=\"og:title\" content=\"Les premiers v\u00eatements de b\u00e9b\u00e9 - Notre s\u00e9lection pour 2025 - Voyage de la Baleine\" \/>\n<meta property=\"og:description\" content=\"Choisir les bons v\u00eatements pour votre tout-petit peut parfois sembler compliqu\u00e9, surtout lorsque vous \u00eates confront\u00e9 \u00e0 un large choix de v\u00eatements b\u00e9b\u00e9\" \/>\n<meta property=\"og:url\" content=\"https:\/\/voyagedelabaleine.fr\/en\/les-premiers-vetements-de-bebe-guide-pour-bien-choisir-les-premieres-tenues-de-votre-tout-petit\/\" \/>\n<meta property=\"og:site_name\" content=\"Voyage de la Baleine\" \/>\n<meta property=\"article:publisher\" content=\"https:\/\/www.facebook.com\/voyagedelabaleine\/\" \/>\n<meta property=\"article:published_time\" content=\"2024-12-16T15:25:14+00:00\" \/>\n<meta property=\"article:modified_time\" content=\"2024-12-20T15:30:47+00:00\" \/>\n<meta property=\"og:image\" content=\"https:\/\/voyagedelabaleine.fr\/wp-content\/uploads\/2024\/10\/Capture-decran-2024-10-22-a-22.58.36-fotor-2024102719484.jpg\" \/>\n\t<meta property=\"og:image:width\" content=\"1369\" \/>\n\t<meta property=\"og:image:height\" content=\"1369\" \/>\n\t<meta property=\"og:image:type\" content=\"image\/jpeg\" \/>\n<meta name=\"author\" content=\"Vichot Flore\" \/>\n<meta name=\"twitter:card\" content=\"summary_large_image\" \/>\n<meta name=\"twitter:label1\" content=\"Written by\" \/>\n\t<meta name=\"twitter:data1\" content=\"Vichot Flore\" \/>\n\t<meta name=\"twitter:label2\" content=\"Est. reading time\" \/>\n\t<meta name=\"twitter:data2\" content=\"6 minutes\" \/>\n<script type=\"application\/ld+json\" class=\"yoast-schema-graph\">{\"@context\":\"https:\/\/schema.org\",\"@graph\":[{\"@type\":\"Article\",\"@id\":\"https:\/\/voyagedelabaleine.fr\/en\/les-premiers-vetements-de-bebe-guide-pour-bien-choisir-les-premieres-tenues-de-votre-tout-petit\/#article\",\"isPartOf\":{\"@id\":\"https:\/\/voyagedelabaleine.fr\/en\/les-premiers-vetements-de-bebe-guide-pour-bien-choisir-les-premieres-tenues-de-votre-tout-petit\/\"},\"author\":{\"name\":\"Vichot Flore\",\"@id\":\"https:\/\/voyagedelabaleine.fr\/en\/#\/schema\/person\/c671326f725b734ef8db95b0f5494f3c\"},\"headline\":\"Les premiers v\u00eatements de b\u00e9b\u00e9 : guide pour bien choisir les premi\u00e8res tenues de votre tout-petit\",\"datePublished\":\"2024-12-16T15:25:14+00:00\",\"dateModified\":\"2024-12-20T15:30:47+00:00\",\"mainEntityOfPage\":{\"@id\":\"https:\/\/voyagedelabaleine.fr\/en\/les-premiers-vetements-de-bebe-guide-pour-bien-choisir-les-premieres-tenues-de-votre-tout-petit\/\"},\"wordCount\":1071,\"commentCount\":0,\"publisher\":{\"@id\":\"https:\/\/voyagedelabaleine.fr\/en\/#organization\"},\"image\":{\"@id\":\"https:\/\/voyagedelabaleine.fr\/en\/les-premiers-vetements-de-bebe-guide-pour-bien-choisir-les-premieres-tenues-de-votre-tout-petit\/#primaryimage\"},\"thumbnailUrl\":\"https:\/\/voyagedelabaleine.fr\/wp-content\/uploads\/2024\/10\/Capture-decran-2024-10-22-a-22.58.36-fotor-2024102719484.jpg\",\"articleSection\":[\"Non cat\u00e9goris\u00e9\"],\"inLanguage\":\"en-US\",\"potentialAction\":[{\"@type\":\"CommentAction\",\"name\":\"Comment\",\"target\":[\"https:\/\/voyagedelabaleine.fr\/en\/les-premiers-vetements-de-bebe-guide-pour-bien-choisir-les-premieres-tenues-de-votre-tout-petit\/#respond\"]}]},{\"@type\":\"WebPage\",\"@id\":\"https:\/\/voyagedelabaleine.fr\/en\/les-premiers-vetements-de-bebe-guide-pour-bien-choisir-les-premieres-tenues-de-votre-tout-petit\/\",\"url\":\"https:\/\/voyagedelabaleine.fr\/en\/les-premiers-vetements-de-bebe-guide-pour-bien-choisir-les-premieres-tenues-de-votre-tout-petit\/\",\"name\":\"Les premiers v\u00eatements de b\u00e9b\u00e9 - Notre s\u00e9lection pour 2025 - Voyage de la Baleine\",\"isPartOf\":{\"@id\":\"https:\/\/voyagedelabaleine.fr\/en\/#website\"},\"primaryImageOfPage\":{\"@id\":\"https:\/\/voyagedelabaleine.fr\/en\/les-premiers-vetements-de-bebe-guide-pour-bien-choisir-les-premieres-tenues-de-votre-tout-petit\/#primaryimage\"},\"image\":{\"@id\":\"https:\/\/voyagedelabaleine.fr\/en\/les-premiers-vetements-de-bebe-guide-pour-bien-choisir-les-premieres-tenues-de-votre-tout-petit\/#primaryimage\"},\"thumbnailUrl\":\"https:\/\/voyagedelabaleine.fr\/wp-content\/uploads\/2024\/10\/Capture-decran-2024-10-22-a-22.58.36-fotor-2024102719484.jpg\",\"datePublished\":\"2024-12-16T15:25:14+00:00\",\"dateModified\":\"2024-12-20T15:30:47+00:00\",\"description\":\"Choisir les bons v\u00eatements pour votre tout-petit peut parfois sembler compliqu\u00e9, surtout lorsque vous \u00eates confront\u00e9 \u00e0 un large choix de v\u00eatements b\u00e9b\u00e9\",\"breadcrumb\":{\"@id\":\"https:\/\/voyagedelabaleine.fr\/en\/les-premiers-vetements-de-bebe-guide-pour-bien-choisir-les-premieres-tenues-de-votre-tout-petit\/#breadcrumb\"},\"inLanguage\":\"en-US\",\"potentialAction\":[{\"@type\":\"ReadAction\",\"target\":[\"https:\/\/voyagedelabaleine.fr\/en\/les-premiers-vetements-de-bebe-guide-pour-bien-choisir-les-premieres-tenues-de-votre-tout-petit\/\"]}]},{\"@type\":\"ImageObject\",\"inLanguage\":\"en-US\",\"@id\":\"https:\/\/voyagedelabaleine.fr\/en\/les-premiers-vetements-de-bebe-guide-pour-bien-choisir-les-premieres-tenues-de-votre-tout-petit\/#primaryimage\",\"url\":\"https:\/\/voyagedelabaleine.fr\/wp-content\/uploads\/2024\/10\/Capture-decran-2024-10-22-a-22.58.36-fotor-2024102719484.jpg\",\"contentUrl\":\"https:\/\/voyagedelabaleine.fr\/wp-content\/uploads\/2024\/10\/Capture-decran-2024-10-22-a-22.58.36-fotor-2024102719484.jpg\",\"width\":1369,\"height\":1369,\"caption\":\"Les tenues de No\u00ebl b\u00e9b\u00e9\"},{\"@type\":\"BreadcrumbList\",\"@id\":\"https:\/\/voyagedelabaleine.fr\/en\/les-premiers-vetements-de-bebe-guide-pour-bien-choisir-les-premieres-tenues-de-votre-tout-petit\/#breadcrumb\",\"itemListElement\":[{\"@type\":\"ListItem\",\"position\":1,\"name\":\"Accueil\",\"item\":\"https:\/\/voyagedelabaleine.fr\/en\/timeless-refined-clothing-babies-children\/\"},{\"@type\":\"ListItem\",\"position\":2,\"name\":\"Les premiers v\u00eatements de b\u00e9b\u00e9 : guide pour bien choisir les premi\u00e8res tenues de votre tout-petit\"}]},{\"@type\":\"WebSite\",\"@id\":\"https:\/\/voyagedelabaleine.fr\/en\/#website\",\"url\":\"https:\/\/voyagedelabaleine.fr\/en\/\",\"name\":\"Voyage de la Baleine\",\"description\":\"V\u00eatements intemporels et raffin\u00e9s pour b\u00e9b\u00e9s et enfants\",\"publisher\":{\"@id\":\"https:\/\/voyagedelabaleine.fr\/en\/#organization\"},\"potentialAction\":[{\"@type\":\"SearchAction\",\"target\":{\"@type\":\"EntryPoint\",\"urlTemplate\":\"https:\/\/voyagedelabaleine.fr\/en\/?s={search_term_string}\"},\"query-input\":{\"@type\":\"PropertyValueSpecification\",\"valueRequired\":true,\"valueName\":\"search_term_string\"}}],\"inLanguage\":\"en-US\"},{\"@type\":\"Organization\",\"@id\":\"https:\/\/voyagedelabaleine.fr\/en\/#organization\",\"name\":\"Voyage de la Baleine\",\"url\":\"https:\/\/voyagedelabaleine.fr\/en\/\",\"logo\":{\"@type\":\"ImageObject\",\"inLanguage\":\"en-US\",\"@id\":\"https:\/\/voyagedelabaleine.fr\/en\/#\/schema\/logo\/image\/\",\"url\":\"https:\/\/voyagedelabaleine.fr\/wp-content\/uploads\/2025\/06\/logo.webp\",\"contentUrl\":\"https:\/\/voyagedelabaleine.fr\/wp-content\/uploads\/2025\/06\/logo.webp\",\"width\":153,\"height\":64,\"caption\":\"Voyage de la Baleine\"},\"image\":{\"@id\":\"https:\/\/voyagedelabaleine.fr\/en\/#\/schema\/logo\/image\/\"},\"sameAs\":[\"https:\/\/www.facebook.com\/voyagedelabaleine\/\",\"https:\/\/www.instagram.com\/voyagedelabaleine\/\",\"https:\/\/www.pinterest.fr\/Voyagedelabaleine\/\"]},{\"@type\":\"Person\",\"@id\":\"https:\/\/voyagedelabaleine.fr\/en\/#\/schema\/person\/c671326f725b734ef8db95b0f5494f3c\",\"name\":\"Vichot Flore\",\"image\":{\"@type\":\"ImageObject\",\"inLanguage\":\"en-US\",\"@id\":\"https:\/\/voyagedelabaleine.fr\/en\/#\/schema\/person\/image\/\",\"url\":\"https:\/\/secure.gravatar.com\/avatar\/a25b15976ba5eb032c1540a7cda927ac9061a74911773ed7cd3e6f905f05d046?s=96&d=identicon&r=g\",\"contentUrl\":\"https:\/\/secure.gravatar.com\/avatar\/a25b15976ba5eb032c1540a7cda927ac9061a74911773ed7cd3e6f905f05d046?s=96&d=identicon&r=g\",\"caption\":\"Vichot Flore\"}}]}<\/script>\n<!-- \/ Yoast SEO plugin. -->","yoast_head_json":{"title":"Les premiers v\u00eatements de b\u00e9b\u00e9 - Notre s\u00e9lection pour 2025 - Voyage de la Baleine","description":"Choisir les bons v\u00eatements pour votre tout-petit peut parfois sembler compliqu\u00e9, surtout lorsque vous \u00eates confront\u00e9 \u00e0 un large choix de v\u00eatements b\u00e9b\u00e9","robots":{"index":"index","follow":"follow","max-snippet":"max-snippet:-1","max-image-preview":"max-image-preview:large","max-video-preview":"max-video-preview:-1"},"canonical":"https:\/\/voyagedelabaleine.fr\/en\/les-premiers-vetements-de-bebe-guide-pour-bien-choisir-les-premieres-tenues-de-votre-tout-petit\/","og_locale":"en_US","og_type":"article","og_title":"Les premiers v\u00eatements de b\u00e9b\u00e9 - Notre s\u00e9lection pour 2025 - Voyage de la Baleine","og_description":"Choisir les bons v\u00eatements pour votre tout-petit peut parfois sembler compliqu\u00e9, surtout lorsque vous \u00eates confront\u00e9 \u00e0 un large choix de v\u00eatements b\u00e9b\u00e9","og_url":"https:\/\/voyagedelabaleine.fr\/en\/les-premiers-vetements-de-bebe-guide-pour-bien-choisir-les-premieres-tenues-de-votre-tout-petit\/","og_site_name":"Voyage de la Baleine","article_publisher":"https:\/\/www.facebook.com\/voyagedelabaleine\/","article_published_time":"2024-12-16T15:25:14+00:00","article_modified_time":"2024-12-20T15:30:47+00:00","og_image":[{"width":1369,"height":1369,"url":"https:\/\/voyagedelabaleine.fr\/wp-content\/uploads\/2024\/10\/Capture-decran-2024-10-22-a-22.58.36-fotor-2024102719484.jpg","type":"image\/jpeg"}],"author":"Vichot Flore","twitter_card":"summary_large_image","twitter_misc":{"Written by":"Vichot Flore","Est. reading time":"6 minutes"},"schema":{"@context":"https:\/\/schema.org","@graph":[{"@type":"Article","@id":"https:\/\/voyagedelabaleine.fr\/en\/les-premiers-vetements-de-bebe-guide-pour-bien-choisir-les-premieres-tenues-de-votre-tout-petit\/#article","isPartOf":{"@id":"https:\/\/voyagedelabaleine.fr\/en\/les-premiers-vetements-de-bebe-guide-pour-bien-choisir-les-premieres-tenues-de-votre-tout-petit\/"},"author":{"name":"Vichot Flore","@id":"https:\/\/voyagedelabaleine.fr\/en\/#\/schema\/person\/c671326f725b734ef8db95b0f5494f3c"},"headline":"Les premiers v\u00eatements de b\u00e9b\u00e9 : guide pour bien choisir les premi\u00e8res tenues de votre tout-petit","datePublished":"2024-12-16T15:25:14+00:00","dateModified":"2024-12-20T15:30:47+00:00","mainEntityOfPage":{"@id":"https:\/\/voyagedelabaleine.fr\/en\/les-premiers-vetements-de-bebe-guide-pour-bien-choisir-les-premieres-tenues-de-votre-tout-petit\/"},"wordCount":1071,"commentCount":0,"publisher":{"@id":"https:\/\/voyagedelabaleine.fr\/en\/#organization"},"image":{"@id":"https:\/\/voyagedelabaleine.fr\/en\/les-premiers-vetements-de-bebe-guide-pour-bien-choisir-les-premieres-tenues-de-votre-tout-petit\/#primaryimage"},"thumbnailUrl":"https:\/\/voyagedelabaleine.fr\/wp-content\/uploads\/2024\/10\/Capture-decran-2024-10-22-a-22.58.36-fotor-2024102719484.jpg","articleSection":["Non cat\u00e9goris\u00e9"],"inLanguage":"en-US","potentialAction":[{"@type":"CommentAction","name":"Comment","target":["https:\/\/voyagedelabaleine.fr\/en\/les-premiers-vetements-de-bebe-guide-pour-bien-choisir-les-premieres-tenues-de-votre-tout-petit\/#respond"]}]},{"@type":"WebPage","@id":"https:\/\/voyagedelabaleine.fr\/en\/les-premiers-vetements-de-bebe-guide-pour-bien-choisir-les-premieres-tenues-de-votre-tout-petit\/","url":"https:\/\/voyagedelabaleine.fr\/en\/les-premiers-vetements-de-bebe-guide-pour-bien-choisir-les-premieres-tenues-de-votre-tout-petit\/","name":"Les premiers v\u00eatements de b\u00e9b\u00e9 - Notre s\u00e9lection pour 2025 - Voyage de la Baleine","isPartOf":{"@id":"https:\/\/voyagedelabaleine.fr\/en\/#website"},"primaryImageOfPage":{"@id":"https:\/\/voyagedelabaleine.fr\/en\/les-premiers-vetements-de-bebe-guide-pour-bien-choisir-les-premieres-tenues-de-votre-tout-petit\/#primaryimage"},"image":{"@id":"https:\/\/voyagedelabaleine.fr\/en\/les-premiers-vetements-de-bebe-guide-pour-bien-choisir-les-premieres-tenues-de-votre-tout-petit\/#primaryimage"},"thumbnailUrl":"https:\/\/voyagedelabaleine.fr\/wp-content\/uploads\/2024\/10\/Capture-decran-2024-10-22-a-22.58.36-fotor-2024102719484.jpg","datePublished":"2024-12-16T15:25:14+00:00","dateModified":"2024-12-20T15:30:47+00:00","description":"Choisir les bons v\u00eatements pour votre tout-petit peut parfois sembler compliqu\u00e9, surtout lorsque vous \u00eates confront\u00e9 \u00e0 un large choix de v\u00eatements b\u00e9b\u00e9","breadcrumb":{"@id":"https:\/\/voyagedelabaleine.fr\/en\/les-premiers-vetements-de-bebe-guide-pour-bien-choisir-les-premieres-tenues-de-votre-tout-petit\/#breadcrumb"},"inLanguage":"en-US","potentialAction":[{"@type":"ReadAction","target":["https:\/\/voyagedelabaleine.fr\/en\/les-premiers-vetements-de-bebe-guide-pour-bien-choisir-les-premieres-tenues-de-votre-tout-petit\/"]}]},{"@type":"ImageObject","inLanguage":"en-US","@id":"https:\/\/voyagedelabaleine.fr\/en\/les-premiers-vetements-de-bebe-guide-pour-bien-choisir-les-premieres-tenues-de-votre-tout-petit\/#primaryimage","url":"https:\/\/voyagedelabaleine.fr\/wp-content\/uploads\/2024\/10\/Capture-decran-2024-10-22-a-22.58.36-fotor-2024102719484.jpg","contentUrl":"https:\/\/voyagedelabaleine.fr\/wp-content\/uploads\/2024\/10\/Capture-decran-2024-10-22-a-22.58.36-fotor-2024102719484.jpg","width":1369,"height":1369,"caption":"Les tenues de No\u00ebl b\u00e9b\u00e9"},{"@type":"BreadcrumbList","@id":"https:\/\/voyagedelabaleine.fr\/en\/les-premiers-vetements-de-bebe-guide-pour-bien-choisir-les-premieres-tenues-de-votre-tout-petit\/#breadcrumb","itemListElement":[{"@type":"ListItem","position":1,"name":"Accueil","item":"https:\/\/voyagedelabaleine.fr\/en\/timeless-refined-clothing-babies-children\/"},{"@type":"ListItem","position":2,"name":"Les premiers v\u00eatements de b\u00e9b\u00e9 : guide pour bien choisir les premi\u00e8res tenues de votre tout-petit"}]},{"@type":"WebSite","@id":"https:\/\/voyagedelabaleine.fr\/en\/#website","url":"https:\/\/voyagedelabaleine.fr\/en\/","name":"Voyage de la Baleine","description":"V\u00eatements intemporels et raffin\u00e9s pour b\u00e9b\u00e9s et enfants","publisher":{"@id":"https:\/\/voyagedelabaleine.fr\/en\/#organization"},"potentialAction":[{"@type":"SearchAction","target":{"@type":"EntryPoint","urlTemplate":"https:\/\/voyagedelabaleine.fr\/en\/?s={search_term_string}"},"query-input":{"@type":"PropertyValueSpecification","valueRequired":true,"valueName":"search_term_string"}}],"inLanguage":"en-US"},{"@type":"Organization","@id":"https:\/\/voyagedelabaleine.fr\/en\/#organization","name":"Voyage de la Baleine","url":"https:\/\/voyagedelabaleine.fr\/en\/","logo":{"@type":"ImageObject","inLanguage":"en-US","@id":"https:\/\/voyagedelabaleine.fr\/en\/#\/schema\/logo\/image\/","url":"https:\/\/voyagedelabaleine.fr\/wp-content\/uploads\/2025\/06\/logo.webp","contentUrl":"https:\/\/voyagedelabaleine.fr\/wp-content\/uploads\/2025\/06\/logo.webp","width":153,"height":64,"caption":"Voyage de la Baleine"},"image":{"@id":"https:\/\/voyagedelabaleine.fr\/en\/#\/schema\/logo\/image\/"},"sameAs":["https:\/\/www.facebook.com\/voyagedelabaleine\/","https:\/\/www.instagram.com\/voyagedelabaleine\/","https:\/\/www.pinterest.fr\/Voyagedelabaleine\/"]},{"@type":"Person","@id":"https:\/\/voyagedelabaleine.fr\/en\/#\/schema\/person\/c671326f725b734ef8db95b0f5494f3c","name":"Vichot Flore","image":{"@type":"ImageObject","inLanguage":"en-US","@id":"https:\/\/voyagedelabaleine.fr\/en\/#\/schema\/person\/image\/","url":"https:\/\/secure.gravatar.com\/avatar\/a25b15976ba5eb032c1540a7cda927ac9061a74911773ed7cd3e6f905f05d046?s=96&d=identicon&r=g","contentUrl":"https:\/\/secure.gravatar.com\/avatar\/a25b15976ba5eb032c1540a7cda927ac9061a74911773ed7cd3e6f905f05d046?s=96&d=identicon&r=g","caption":"Vichot Flore"}}]}},"_links":{"self":[{"href":"https:\/\/voyagedelabaleine.fr\/en\/wp-json\/wp\/v2\/posts\/15104","targetHints":{"allow":["GET"]}}],"collection":[{"href":"https:\/\/voyagedelabaleine.fr\/en\/wp-json\/wp\/v2\/posts"}],"about":[{"href":"https:\/\/voyagedelabaleine.fr\/en\/wp-json\/wp\/v2\/types\/post"}],"author":[{"embeddable":true,"href":"https:\/\/voyagedelabaleine.fr\/en\/wp-json\/wp\/v2\/users\/222595023"}],"replies":[{"embeddable":true,"href":"https:\/\/voyagedelabaleine.fr\/en\/wp-json\/wp\/v2\/comments?post=15104"}],"version-history":[{"count":0,"href":"https:\/\/voyagedelabaleine.fr\/en\/wp-json\/wp\/v2\/posts\/15104\/revisions"}],"wp:featuredmedia":[{"embeddable":true,"href":"https:\/\/voyagedelabaleine.fr\/en\/wp-json\/wp\/v2\/media\/13585"}],"wp:attachment":[{"href":"https:\/\/voyagedelabaleine.fr\/en\/wp-json\/wp\/v2\/media?parent=15104"}],"wp:term":[{"taxonomy":"category","embeddable":true,"href":"https:\/\/voyagedelabaleine.fr\/en\/wp-json\/wp\/v2\/categories?post=15104"},{"taxonomy":"post_tag","embeddable":true,"href":"https:\/\/voyagedelabaleine.fr\/en\/wp-json\/wp\/v2\/tags?post=15104"}],"curies":[{"name":"wp","href":"https:\/\/api.w.org\/{rel}","templated":true}]}}