{"id":15107,"date":"2024-12-12T16:32:07","date_gmt":"2024-12-12T15:32:07","guid":{"rendered":"https:\/\/voyagedelabaleine.fr\/?p=15107"},"modified":"2025-02-10T14:51:15","modified_gmt":"2025-02-10T13:51:15","slug":"gilets-et-cardigans-la-touche-finale-pour-un-look-bebe-chic-et-confortable","status":"publish","type":"post","link":"https:\/\/voyagedelabaleine.fr\/en\/gilets-et-cardigans-la-touche-finale-pour-un-look-bebe-chic-et-confortable\/","title":{"rendered":"Gilets et cardigans : la touche finale pour un look b\u00e9b\u00e9 chic et confortable"},"content":{"rendered":"\n<figure class=\"wp-block-image size-large\"><img decoding=\"async\" width=\"1024\" height=\"1024\" src=\"https:\/\/voyagedelabaleine.fr\/wp-content\/uploads\/2025\/02\/gilet-bebe-laine-1024x1024.jpg\" alt=\"\" class=\"wp-image-16993\" srcset=\"https:\/\/voyagedelabaleine.fr\/wp-content\/uploads\/2025\/02\/gilet-bebe-laine-1024x1024.jpg 1024w, https:\/\/voyagedelabaleine.fr\/wp-content\/uploads\/2025\/02\/gilet-bebe-laine-300x300.jpg 300w, https:\/\/voyagedelabaleine.fr\/wp-content\/uploads\/2025\/02\/gilet-bebe-laine-150x150.jpg 150w, https:\/\/voyagedelabaleine.fr\/wp-content\/uploads\/2025\/02\/gilet-bebe-laine-768x768.jpg 768w, https:\/\/voyagedelabaleine.fr\/wp-content\/uploads\/2025\/02\/gilet-bebe-laine-600x600.jpg 600w, https:\/\/voyagedelabaleine.fr\/wp-content\/uploads\/2025\/02\/gilet-bebe-laine-100x100.jpg 100w, https:\/\/voyagedelabaleine.fr\/wp-content\/uploads\/2025\/02\/gilet-bebe-laine.jpg 1200w\" sizes=\"(max-width: 1024px) 100vw, 1024px\" \/><\/figure>\n\n\n\n<p>Lorsqu&#8217;il s&#8217;agit de cr\u00e9er une tenue \u00e9l\u00e9gante et pratique pour votre <strong>b\u00e9b\u00e9<\/strong>, les <strong>gilets<\/strong> et <strong>cardigans<\/strong> sont des pi\u00e8ces incontournables. Ces v\u00eatements ajoutent non seulement une <strong>touche de sophistication<\/strong> \u00e0 chaque look, mais offrent \u00e9galement chaleur et confort. Que ce soit pour une occasion sp\u00e9ciale ou pour une tenue de tous les jours, un <strong>gilet b\u00e9b\u00e9<\/strong> ou un <strong>cardigan b\u00e9b\u00e9<\/strong> peut transformer une <strong>tenue<\/strong> simple en un ensemble chic et adapt\u00e9 \u00e0 toutes les saisons. D\u00e9couvrez comment choisir les gilets et cardigans parfaits pour habiller votre <strong>petit<\/strong> tout en alliant \u00e9l\u00e9gance et confort.<\/p>\n\n\n\n<h2 class=\"wp-block-heading\">Les gilets et cardigans b\u00e9b\u00e9 : des pi\u00e8ces polyvalentes pour chaque saison<\/h2>\n\n\n\n<p>Les gilets et cardigans sont des v\u00eatements id\u00e9aux pour habiller votre b\u00e9b\u00e9, car ils apportent de la chaleur sans compromettre la mobilit\u00e9. Ils sont parfaits pour les saisons interm\u00e9diaires comme le <strong>printemps<\/strong> et l&#8217;<strong>automne<\/strong>, lorsque les temp\u00e9ratures fluctuent. <a href=\"https:\/\/voyagedelabaleine.fr\/categorie-produit\/vetements-bebes\/pulls-gilets-cardigans-bebes\/\">Choisir un <strong>gilet b\u00e9b\u00e9<\/strong> en <strong>laine<\/strong> <\/a>ou en <strong>coton<\/strong> doux permet d&#8217;ajuster la couche de chaleur en fonction de la m\u00e9t\u00e9o, tout en offrant un confort optimal \u00e0 votre enfant.<\/p>\n\n\n\n<p>Pour les mois plus frais, optez pour des mod\u00e8les en <strong>laine m\u00e9rinos<\/strong>, une mati\u00e8re naturellement respirante et hypoallerg\u00e9nique qui r\u00e9gule la temp\u00e9rature corporelle de votre b\u00e9b\u00e9. Un <strong>gilet en laine pour b\u00e9b\u00e9<\/strong> peut \u00eatre facilement port\u00e9 par-dessus un <strong>body b\u00e9b\u00e9<\/strong> ou une <strong>robe b\u00e9b\u00e9<\/strong>, offrant une protection suppl\u00e9mentaire sans sacrifier le confort. En hiver, un <strong>cardigan b\u00e9b\u00e9<\/strong> \u00e0 manches longues ou \u00e0 capuche peut \u00eatre une excellente option pour garder votre b\u00e9b\u00e9 bien au chaud, tout en \u00e9tant \u00e9l\u00e9gant.<\/p>\n\n\n\n<h2 class=\"wp-block-heading\">Choisir la bonne coupe et les d\u00e9tails qui font la diff\u00e9rence<\/h2>\n\n\n\n<p>Lorsque vous choisissez un <strong>gilet b\u00e9b\u00e9<\/strong> ou un <strong>cardigan b\u00e9b\u00e9<\/strong>, il est essentiel de tenir compte de la coupe et des d\u00e9tails qui peuvent ajouter une touche de charme \u00e0 la tenue de votre tout-petit. Les <strong>cardigans b\u00e9b\u00e9 \u00e0 col Claudine<\/strong> ou \u00e0 <strong>col rond<\/strong> sont particuli\u00e8rement \u00e9l\u00e9gants et s&#8217;accordent bien avec une <strong>robe b\u00e9b\u00e9<\/strong> ou une <strong>barboteuse<\/strong>. De plus, les <strong>broderies<\/strong> subtiles ou les petits <strong>d\u00e9tails de boutons<\/strong> apportent une touche raffin\u00e9e, id\u00e9ale pour des occasions sp\u00e9ciales comme les f\u00eates de <strong>no\u00ebl<\/strong> ou un <strong>cadeau de naissance<\/strong>.<\/p>\n\n\n\n<p>Les <strong>cardigans \u00e0 fermeture \u00e9clair<\/strong> ou \u00e0 boutons-pression sont \u00e9galement pratiques pour les parents, car ils permettent un habillage rapide tout en restant s\u00e9curitaires pour le b\u00e9b\u00e9. Certains mod\u00e8les sont m\u00eame con\u00e7us avec des colliers amovibles ou des <strong>mouffles int\u00e9gr\u00e9es<\/strong>, parfaits pour les journ\u00e9es froides d&#8217;hiver. L&#8217;id\u00e9e est de choisir un mod\u00e8le qui combine <strong>fonctionnalit\u00e9<\/strong> et <strong>\u00e9l\u00e9gance<\/strong>, tout en restant pratique pour le quotidien.<\/p>\n\n\n\n<h2 class=\"wp-block-heading\">Gilets et cardigans b\u00e9b\u00e9 : une touche de couleur et de motif pour \u00e9gayer les tenues<\/h2>\n\n\n\n<p>Les gilets et cardigans sont \u00e9galement un excellent moyen d&#8217;ajouter de la couleur et des motifs \u00e0 la garde-robe de votre b\u00e9b\u00e9. <a href=\"https:\/\/voyagedelabaleine.fr\/product\/gilet-rose-point-mousse\/\">Des couleurs douces comme le <strong>rose poudr\u00e9<\/strong><\/a>, le <strong>gris clair<\/strong>, le <strong>beige<\/strong>, ou des teintes plus vives comme le <strong>bleu<\/strong> et le <strong>vert menthe<\/strong> peuvent \u00eatre facilement int\u00e9gr\u00e9es dans une <strong>collection de v\u00eatements b\u00e9b\u00e9<\/strong>. Ces teintes s&#8217;harmonisent bien avec des pi\u00e8ces basiques comme des <strong>bodies<\/strong>, des <strong>pyjamas<\/strong> ou des <strong>pantalons b\u00e9b\u00e9<\/strong>.<\/p>\n\n\n\n<p>Les motifs comme les <strong>rayures<\/strong>, les <strong>pois<\/strong>, ou les motifs <strong>vichy<\/strong> sont \u00e9galement tr\u00e8s tendance et ajoutent une dimension visuelle \u00e0 une tenue de b\u00e9b\u00e9. Vous pouvez ainsi opter pour des gilets ou cardigans avec des d\u00e9tails ludiques et \u00e9l\u00e9gants qui compl\u00e8tent parfaitement la garde-robe de votre tout-petit. Ces pi\u00e8ces sont \u00e9galement id\u00e9ales pour un look mixte, adapt\u00e9 \u00e0 la fois aux gar\u00e7ons et aux filles, tout en offrant une grande polyvalence.<\/p>\n\n\n\n<h2 class=\"wp-block-heading\">Les accessoires et compl\u00e9ments \u00e0 associer avec un gilet ou cardigan b\u00e9b\u00e9<\/h2>\n\n\n\n<p>Pour parfaire le look de b\u00e9b\u00e9, les accessoires jouent un r\u00f4le cl\u00e9 dans l&#8217;ajout de confort et de style. <a href=\"https:\/\/voyagedelabaleine.fr\/product\/bonnet-bicolore-bleu-marine-vert\/\">Un <strong>bonnet b\u00e9b\u00e9<\/strong> en laine ou en coton<\/a>, assorti au <strong>gilet b\u00e9b\u00e9<\/strong>, peut non seulement ajouter de la chaleur pendant les mois plus froids, mais aussi compl\u00e9ter parfaitement l&#8217;ensemble. Les <strong>chaussons b\u00e9b\u00e9<\/strong> en laine m\u00e9rinos ou en cuir souple peuvent \u00e9galement \u00eatre assortis pour maintenir les pieds de b\u00e9b\u00e9 bien au chaud, tout en restant chic et confortables.<\/p>\n\n\n\n<p>De plus, vous pouvez d\u00e9couvrir une <strong>s\u00e9lection de gilets<\/strong> et <strong>cardigans b\u00e9b\u00e9<\/strong> dans des <strong>boutiques en ligne<\/strong> ou des <strong>magasins sp\u00e9cialis\u00e9s<\/strong>, o\u00f9 une large gamme de mod\u00e8les vous permettra de choisir celui qui correspond le mieux \u00e0 la saison, aux besoins de confort et au style que vous souhaitez offrir \u00e0 votre enfant. N&#8217;oubliez pas de v\u00e9rifier la <strong>qualit\u00e9<\/strong> du produit avant l&#8217;achat, pour vous assurer que les v\u00eatements ne contiennent pas de mat\u00e9riaux irritants pour la peau d\u00e9licate de b\u00e9b\u00e9.<\/p>\n\n\n\n<h2 class=\"wp-block-heading\">Un gilet ou cardigan b\u00e9b\u00e9, un indispensable pour un look chic et confortable<\/h2>\n\n\n\n<p>Les gilets et cardigans b\u00e9b\u00e9 sont des pi\u00e8ces polyvalentes qui permettent d&#8217;habiller votre tout-petit avec \u00e0 la fois \u00e9l\u00e9gance et confort. Que ce soit pour un look de tous les jours ou pour des occasions sp\u00e9ciales, ces v\u00eatements sont un excellent moyen de cr\u00e9er des ensembles raffin\u00e9s et fonctionnels. En choisissant des <strong>gilets en laine<\/strong> ou en <strong>coton doux<\/strong>, vous apportez \u00e0 votre b\u00e9b\u00e9 la chaleur n\u00e9cessaire tout en maintenant une allure sophistiqu\u00e9e.<\/p>\n\n\n\n<p>Il est essentiel de tenir compte des mat\u00e9riaux, des couleurs et des d\u00e9tails des v\u00eatements, tout en garantissant que chaque pi\u00e8ce soit confortable et pratique pour les mouvements de votre b\u00e9b\u00e9. <a href=\"https:\/\/voyagedelabaleine.fr\/le-confort-avant-tout-comment-choisir-des-vetements-adaptes-aux-besoins-des-bebes\/\">N&#8217;oubliez pas que le confort de votre enfant doit \u00eatre la priorit\u00e9<\/a>, mais cela ne vous emp\u00eache pas de lui offrir une <strong>tenue chic<\/strong> et moderne qui correspond aux tendances actuelles. D\u00e9couvrez notre collection et habillez votre <strong>b\u00e9b\u00e9<\/strong> avec style, douceur et praticit\u00e9 \u00e0 chaque occasion.<\/p>\n\n\n\n<p><\/p>\n","protected":false},"excerpt":{"rendered":"<p>Lorsqu&#8217;il s&#8217;agit de cr\u00e9er une tenue \u00e9l\u00e9gante et pratique pour votre b\u00e9b\u00e9, les gilets et cardigans sont des pi\u00e8ces incontournables. Ces v\u00eatements ajoutent non seulement une touche de sophistication \u00e0 chaque look, mais offrent \u00e9galement chaleur et confort. Que ce soit pour une occasion sp\u00e9ciale ou pour une tenue de tous les jours, un gilet [&hellip;]<\/p>\n","protected":false},"author":222595023,"featured_media":16993,"comment_status":"open","ping_status":"open","sticky":false,"template":"","format":"standard","meta":{"ocean_post_layout":"","ocean_both_sidebars_style":"","ocean_both_sidebars_content_width":0,"ocean_both_sidebars_sidebars_width":0,"ocean_sidebar":"","ocean_second_sidebar":"","ocean_disable_margins":"enable","ocean_add_body_class":"","ocean_shortcode_before_top_bar":"","ocean_shortcode_after_top_bar":"","ocean_shortcode_before_header":"","ocean_shortcode_after_header":"","ocean_has_shortcode":"","ocean_shortcode_after_title":"","ocean_shortcode_before_footer_widgets":"","ocean_shortcode_after_footer_widgets":"","ocean_shortcode_before_footer_bottom":"","ocean_shortcode_after_footer_bottom":"","ocean_display_top_bar":"default","ocean_display_header":"default","ocean_header_style":"","ocean_center_header_left_menu":"","ocean_custom_header_template":"","ocean_custom_logo":0,"ocean_custom_retina_logo":0,"ocean_custom_logo_max_width":0,"ocean_custom_logo_tablet_max_width":0,"ocean_custom_logo_mobile_max_width":0,"ocean_custom_logo_max_height":0,"ocean_custom_logo_tablet_max_height":0,"ocean_custom_logo_mobile_max_height":0,"ocean_header_custom_menu":"","ocean_menu_typo_font_family":"","ocean_menu_typo_font_subset":"","ocean_menu_typo_font_size":0,"ocean_menu_typo_font_size_tablet":0,"ocean_menu_typo_font_size_mobile":0,"ocean_menu_typo_font_size_unit":"px","ocean_menu_typo_font_weight":"","ocean_menu_typo_font_weight_tablet":"","ocean_menu_typo_font_weight_mobile":"","ocean_menu_typo_transform":"","ocean_menu_typo_transform_tablet":"","ocean_menu_typo_transform_mobile":"","ocean_menu_typo_line_height":0,"ocean_menu_typo_line_height_tablet":0,"ocean_menu_typo_line_height_mobile":0,"ocean_menu_typo_line_height_unit":"","ocean_menu_typo_spacing":0,"ocean_menu_typo_spacing_tablet":0,"ocean_menu_typo_spacing_mobile":0,"ocean_menu_typo_spacing_unit":"","ocean_menu_link_color":"","ocean_menu_link_color_hover":"","ocean_menu_link_color_active":"","ocean_menu_link_background":"","ocean_menu_link_hover_background":"","ocean_menu_link_active_background":"","ocean_menu_social_links_bg":"","ocean_menu_social_hover_links_bg":"","ocean_menu_social_links_color":"","ocean_menu_social_hover_links_color":"","ocean_disable_title":"default","ocean_disable_heading":"default","ocean_post_title":"","ocean_post_subheading":"","ocean_post_title_style":"","ocean_post_title_background_color":"","ocean_post_title_background":0,"ocean_post_title_bg_image_position":"","ocean_post_title_bg_image_attachment":"","ocean_post_title_bg_image_repeat":"","ocean_post_title_bg_image_size":"","ocean_post_title_height":0,"ocean_post_title_bg_overlay":0.5,"ocean_post_title_bg_overlay_color":"","ocean_disable_breadcrumbs":"default","ocean_breadcrumbs_color":"","ocean_breadcrumbs_separator_color":"","ocean_breadcrumbs_links_color":"","ocean_breadcrumbs_links_hover_color":"","ocean_display_footer_widgets":"default","ocean_display_footer_bottom":"default","ocean_custom_footer_template":"","osh_disable_topbar_sticky":"default","osh_disable_header_sticky":"default","osh_sticky_header_style":"default","osh_sticky_header_effect":"","osh_custom_sticky_logo":0,"osh_custom_retina_sticky_logo":0,"osh_custom_sticky_logo_height":0,"osh_background_color":"","osh_links_color":"","osh_links_hover_color":"","osh_links_active_color":"","osh_links_bg_color":"","osh_links_hover_bg_color":"","osh_links_active_bg_color":"","osh_menu_social_links_color":"","osh_menu_social_hover_links_color":"","ocean_post_oembed":"","ocean_post_self_hosted_media":"","ocean_post_video_embed":"","ocean_link_format":"","ocean_link_format_target":"self","ocean_quote_format":"","ocean_quote_format_link":"post","ocean_gallery_link_images":"on","ocean_gallery_id":[],"footnotes":""},"categories":[6325],"tags":[],"class_list":["post-15107","post","type-post","status-publish","format-standard","has-post-thumbnail","hentry","category-non-categorise","entry","has-media","owp-thumbs-layout-vertical","owp-btn-big","owp-tabs-layout-vertical","has-no-thumbnails","circle-sale"],"yoast_head":"<!-- This site is optimized with the Yoast SEO plugin v27.1.1 - https:\/\/yoast.com\/product\/yoast-seo-wordpress\/ -->\n<title>Gilets et cardigans : la touche finale pour un look b\u00e9b\u00e9 chic et confortable - Voyage de la Baleine<\/title>\n<meta name=\"description\" content=\"Lorsqu&#039;il s&#039;agit de cr\u00e9er une tenue \u00e9l\u00e9gante et pratique pour votre b\u00e9b\u00e9, les gilets et cardigans sont des pi\u00e8ces incontournables\" \/>\n<meta name=\"robots\" content=\"index, follow, max-snippet:-1, max-image-preview:large, max-video-preview:-1\" \/>\n<link rel=\"canonical\" href=\"https:\/\/voyagedelabaleine.fr\/en\/gilets-et-cardigans-la-touche-finale-pour-un-look-bebe-chic-et-confortable\/\" \/>\n<meta property=\"og:locale\" content=\"en_US\" \/>\n<meta property=\"og:type\" content=\"article\" \/>\n<meta property=\"og:title\" content=\"Gilets et cardigans : la touche finale pour un look b\u00e9b\u00e9 chic et confortable - Voyage de la Baleine\" \/>\n<meta property=\"og:description\" content=\"Lorsqu&#039;il s&#039;agit de cr\u00e9er une tenue \u00e9l\u00e9gante et pratique pour votre b\u00e9b\u00e9, les gilets et cardigans sont des pi\u00e8ces incontournables\" \/>\n<meta property=\"og:url\" content=\"https:\/\/voyagedelabaleine.fr\/en\/gilets-et-cardigans-la-touche-finale-pour-un-look-bebe-chic-et-confortable\/\" \/>\n<meta property=\"og:site_name\" content=\"Voyage de la Baleine\" \/>\n<meta property=\"article:publisher\" content=\"https:\/\/www.facebook.com\/voyagedelabaleine\/\" \/>\n<meta property=\"article:published_time\" content=\"2024-12-12T15:32:07+00:00\" \/>\n<meta property=\"article:modified_time\" content=\"2025-02-10T13:51:15+00:00\" \/>\n<meta property=\"og:image\" content=\"https:\/\/voyagedelabaleine.fr\/wp-content\/uploads\/2025\/02\/gilet-bebe-laine.jpg\" \/>\n\t<meta property=\"og:image:width\" content=\"1200\" \/>\n\t<meta property=\"og:image:height\" content=\"1200\" \/>\n\t<meta property=\"og:image:type\" content=\"image\/jpeg\" \/>\n<meta name=\"author\" content=\"Vichot Flore\" \/>\n<meta name=\"twitter:card\" content=\"summary_large_image\" \/>\n<meta name=\"twitter:label1\" content=\"Written by\" \/>\n\t<meta name=\"twitter:data1\" content=\"Vichot Flore\" \/>\n\t<meta name=\"twitter:label2\" content=\"Est. reading time\" \/>\n\t<meta name=\"twitter:data2\" content=\"6 minutes\" \/>\n<script type=\"application\/ld+json\" class=\"yoast-schema-graph\">{\"@context\":\"https:\/\/schema.org\",\"@graph\":[{\"@type\":\"Article\",\"@id\":\"https:\/\/voyagedelabaleine.fr\/en\/gilets-et-cardigans-la-touche-finale-pour-un-look-bebe-chic-et-confortable\/#article\",\"isPartOf\":{\"@id\":\"https:\/\/voyagedelabaleine.fr\/en\/gilets-et-cardigans-la-touche-finale-pour-un-look-bebe-chic-et-confortable\/\"},\"author\":{\"name\":\"Vichot Flore\",\"@id\":\"https:\/\/voyagedelabaleine.fr\/en\/#\/schema\/person\/c671326f725b734ef8db95b0f5494f3c\"},\"headline\":\"Gilets et cardigans : la touche finale pour un look b\u00e9b\u00e9 chic et confortable\",\"datePublished\":\"2024-12-12T15:32:07+00:00\",\"dateModified\":\"2025-02-10T13:51:15+00:00\",\"mainEntityOfPage\":{\"@id\":\"https:\/\/voyagedelabaleine.fr\/en\/gilets-et-cardigans-la-touche-finale-pour-un-look-bebe-chic-et-confortable\/\"},\"wordCount\":1033,\"commentCount\":0,\"publisher\":{\"@id\":\"https:\/\/voyagedelabaleine.fr\/en\/#organization\"},\"image\":{\"@id\":\"https:\/\/voyagedelabaleine.fr\/en\/gilets-et-cardigans-la-touche-finale-pour-un-look-bebe-chic-et-confortable\/#primaryimage\"},\"thumbnailUrl\":\"https:\/\/voyagedelabaleine.fr\/wp-content\/uploads\/2025\/02\/gilet-bebe-laine.jpg\",\"articleSection\":[\"Non cat\u00e9goris\u00e9\"],\"inLanguage\":\"en-US\",\"potentialAction\":[{\"@type\":\"CommentAction\",\"name\":\"Comment\",\"target\":[\"https:\/\/voyagedelabaleine.fr\/en\/gilets-et-cardigans-la-touche-finale-pour-un-look-bebe-chic-et-confortable\/#respond\"]}]},{\"@type\":\"WebPage\",\"@id\":\"https:\/\/voyagedelabaleine.fr\/en\/gilets-et-cardigans-la-touche-finale-pour-un-look-bebe-chic-et-confortable\/\",\"url\":\"https:\/\/voyagedelabaleine.fr\/en\/gilets-et-cardigans-la-touche-finale-pour-un-look-bebe-chic-et-confortable\/\",\"name\":\"Gilets et cardigans : la touche finale pour un look b\u00e9b\u00e9 chic et confortable - Voyage de la Baleine\",\"isPartOf\":{\"@id\":\"https:\/\/voyagedelabaleine.fr\/en\/#website\"},\"primaryImageOfPage\":{\"@id\":\"https:\/\/voyagedelabaleine.fr\/en\/gilets-et-cardigans-la-touche-finale-pour-un-look-bebe-chic-et-confortable\/#primaryimage\"},\"image\":{\"@id\":\"https:\/\/voyagedelabaleine.fr\/en\/gilets-et-cardigans-la-touche-finale-pour-un-look-bebe-chic-et-confortable\/#primaryimage\"},\"thumbnailUrl\":\"https:\/\/voyagedelabaleine.fr\/wp-content\/uploads\/2025\/02\/gilet-bebe-laine.jpg\",\"datePublished\":\"2024-12-12T15:32:07+00:00\",\"dateModified\":\"2025-02-10T13:51:15+00:00\",\"description\":\"Lorsqu'il s'agit de cr\u00e9er une tenue \u00e9l\u00e9gante et pratique pour votre b\u00e9b\u00e9, les gilets et cardigans sont des pi\u00e8ces incontournables\",\"breadcrumb\":{\"@id\":\"https:\/\/voyagedelabaleine.fr\/en\/gilets-et-cardigans-la-touche-finale-pour-un-look-bebe-chic-et-confortable\/#breadcrumb\"},\"inLanguage\":\"en-US\",\"potentialAction\":[{\"@type\":\"ReadAction\",\"target\":[\"https:\/\/voyagedelabaleine.fr\/en\/gilets-et-cardigans-la-touche-finale-pour-un-look-bebe-chic-et-confortable\/\"]}]},{\"@type\":\"ImageObject\",\"inLanguage\":\"en-US\",\"@id\":\"https:\/\/voyagedelabaleine.fr\/en\/gilets-et-cardigans-la-touche-finale-pour-un-look-bebe-chic-et-confortable\/#primaryimage\",\"url\":\"https:\/\/voyagedelabaleine.fr\/wp-content\/uploads\/2025\/02\/gilet-bebe-laine.jpg\",\"contentUrl\":\"https:\/\/voyagedelabaleine.fr\/wp-content\/uploads\/2025\/02\/gilet-bebe-laine.jpg\",\"width\":1200,\"height\":1200,\"caption\":\"Gilet b\u00e9b\u00e9 oatmeal col ch\u00e2le en laine m\u00e9rinos\"},{\"@type\":\"BreadcrumbList\",\"@id\":\"https:\/\/voyagedelabaleine.fr\/en\/gilets-et-cardigans-la-touche-finale-pour-un-look-bebe-chic-et-confortable\/#breadcrumb\",\"itemListElement\":[{\"@type\":\"ListItem\",\"position\":1,\"name\":\"Accueil\",\"item\":\"https:\/\/voyagedelabaleine.fr\/en\/timeless-refined-clothing-babies-children\/\"},{\"@type\":\"ListItem\",\"position\":2,\"name\":\"Gilets et cardigans : la touche finale pour un look b\u00e9b\u00e9 chic et confortable\"}]},{\"@type\":\"WebSite\",\"@id\":\"https:\/\/voyagedelabaleine.fr\/en\/#website\",\"url\":\"https:\/\/voyagedelabaleine.fr\/en\/\",\"name\":\"Voyage de la Baleine\",\"description\":\"V\u00eatements intemporels et raffin\u00e9s pour b\u00e9b\u00e9s et enfants\",\"publisher\":{\"@id\":\"https:\/\/voyagedelabaleine.fr\/en\/#organization\"},\"potentialAction\":[{\"@type\":\"SearchAction\",\"target\":{\"@type\":\"EntryPoint\",\"urlTemplate\":\"https:\/\/voyagedelabaleine.fr\/en\/?s={search_term_string}\"},\"query-input\":{\"@type\":\"PropertyValueSpecification\",\"valueRequired\":true,\"valueName\":\"search_term_string\"}}],\"inLanguage\":\"en-US\"},{\"@type\":\"Organization\",\"@id\":\"https:\/\/voyagedelabaleine.fr\/en\/#organization\",\"name\":\"Voyage de la Baleine\",\"url\":\"https:\/\/voyagedelabaleine.fr\/en\/\",\"logo\":{\"@type\":\"ImageObject\",\"inLanguage\":\"en-US\",\"@id\":\"https:\/\/voyagedelabaleine.fr\/en\/#\/schema\/logo\/image\/\",\"url\":\"https:\/\/voyagedelabaleine.fr\/wp-content\/uploads\/2025\/06\/logo.webp\",\"contentUrl\":\"https:\/\/voyagedelabaleine.fr\/wp-content\/uploads\/2025\/06\/logo.webp\",\"width\":153,\"height\":64,\"caption\":\"Voyage de la Baleine\"},\"image\":{\"@id\":\"https:\/\/voyagedelabaleine.fr\/en\/#\/schema\/logo\/image\/\"},\"sameAs\":[\"https:\/\/www.facebook.com\/voyagedelabaleine\/\",\"https:\/\/www.instagram.com\/voyagedelabaleine\/\",\"https:\/\/www.pinterest.fr\/Voyagedelabaleine\/\"]},{\"@type\":\"Person\",\"@id\":\"https:\/\/voyagedelabaleine.fr\/en\/#\/schema\/person\/c671326f725b734ef8db95b0f5494f3c\",\"name\":\"Vichot Flore\",\"image\":{\"@type\":\"ImageObject\",\"inLanguage\":\"en-US\",\"@id\":\"https:\/\/voyagedelabaleine.fr\/en\/#\/schema\/person\/image\/\",\"url\":\"https:\/\/secure.gravatar.com\/avatar\/a25b15976ba5eb032c1540a7cda927ac9061a74911773ed7cd3e6f905f05d046?s=96&d=identicon&r=g\",\"contentUrl\":\"https:\/\/secure.gravatar.com\/avatar\/a25b15976ba5eb032c1540a7cda927ac9061a74911773ed7cd3e6f905f05d046?s=96&d=identicon&r=g\",\"caption\":\"Vichot Flore\"}}]}<\/script>\n<!-- \/ Yoast SEO plugin. -->","yoast_head_json":{"title":"Gilets et cardigans : la touche finale pour un look b\u00e9b\u00e9 chic et confortable - Voyage de la Baleine","description":"Lorsqu'il s'agit de cr\u00e9er une tenue \u00e9l\u00e9gante et pratique pour votre b\u00e9b\u00e9, les gilets et cardigans sont des pi\u00e8ces incontournables","robots":{"index":"index","follow":"follow","max-snippet":"max-snippet:-1","max-image-preview":"max-image-preview:large","max-video-preview":"max-video-preview:-1"},"canonical":"https:\/\/voyagedelabaleine.fr\/en\/gilets-et-cardigans-la-touche-finale-pour-un-look-bebe-chic-et-confortable\/","og_locale":"en_US","og_type":"article","og_title":"Gilets et cardigans : la touche finale pour un look b\u00e9b\u00e9 chic et confortable - Voyage de la Baleine","og_description":"Lorsqu'il s'agit de cr\u00e9er une tenue \u00e9l\u00e9gante et pratique pour votre b\u00e9b\u00e9, les gilets et cardigans sont des pi\u00e8ces incontournables","og_url":"https:\/\/voyagedelabaleine.fr\/en\/gilets-et-cardigans-la-touche-finale-pour-un-look-bebe-chic-et-confortable\/","og_site_name":"Voyage de la Baleine","article_publisher":"https:\/\/www.facebook.com\/voyagedelabaleine\/","article_published_time":"2024-12-12T15:32:07+00:00","article_modified_time":"2025-02-10T13:51:15+00:00","og_image":[{"width":1200,"height":1200,"url":"https:\/\/voyagedelabaleine.fr\/wp-content\/uploads\/2025\/02\/gilet-bebe-laine.jpg","type":"image\/jpeg"}],"author":"Vichot Flore","twitter_card":"summary_large_image","twitter_misc":{"Written by":"Vichot Flore","Est. reading time":"6 minutes"},"schema":{"@context":"https:\/\/schema.org","@graph":[{"@type":"Article","@id":"https:\/\/voyagedelabaleine.fr\/en\/gilets-et-cardigans-la-touche-finale-pour-un-look-bebe-chic-et-confortable\/#article","isPartOf":{"@id":"https:\/\/voyagedelabaleine.fr\/en\/gilets-et-cardigans-la-touche-finale-pour-un-look-bebe-chic-et-confortable\/"},"author":{"name":"Vichot Flore","@id":"https:\/\/voyagedelabaleine.fr\/en\/#\/schema\/person\/c671326f725b734ef8db95b0f5494f3c"},"headline":"Gilets et cardigans : la touche finale pour un look b\u00e9b\u00e9 chic et confortable","datePublished":"2024-12-12T15:32:07+00:00","dateModified":"2025-02-10T13:51:15+00:00","mainEntityOfPage":{"@id":"https:\/\/voyagedelabaleine.fr\/en\/gilets-et-cardigans-la-touche-finale-pour-un-look-bebe-chic-et-confortable\/"},"wordCount":1033,"commentCount":0,"publisher":{"@id":"https:\/\/voyagedelabaleine.fr\/en\/#organization"},"image":{"@id":"https:\/\/voyagedelabaleine.fr\/en\/gilets-et-cardigans-la-touche-finale-pour-un-look-bebe-chic-et-confortable\/#primaryimage"},"thumbnailUrl":"https:\/\/voyagedelabaleine.fr\/wp-content\/uploads\/2025\/02\/gilet-bebe-laine.jpg","articleSection":["Non cat\u00e9goris\u00e9"],"inLanguage":"en-US","potentialAction":[{"@type":"CommentAction","name":"Comment","target":["https:\/\/voyagedelabaleine.fr\/en\/gilets-et-cardigans-la-touche-finale-pour-un-look-bebe-chic-et-confortable\/#respond"]}]},{"@type":"WebPage","@id":"https:\/\/voyagedelabaleine.fr\/en\/gilets-et-cardigans-la-touche-finale-pour-un-look-bebe-chic-et-confortable\/","url":"https:\/\/voyagedelabaleine.fr\/en\/gilets-et-cardigans-la-touche-finale-pour-un-look-bebe-chic-et-confortable\/","name":"Gilets et cardigans : la touche finale pour un look b\u00e9b\u00e9 chic et confortable - Voyage de la Baleine","isPartOf":{"@id":"https:\/\/voyagedelabaleine.fr\/en\/#website"},"primaryImageOfPage":{"@id":"https:\/\/voyagedelabaleine.fr\/en\/gilets-et-cardigans-la-touche-finale-pour-un-look-bebe-chic-et-confortable\/#primaryimage"},"image":{"@id":"https:\/\/voyagedelabaleine.fr\/en\/gilets-et-cardigans-la-touche-finale-pour-un-look-bebe-chic-et-confortable\/#primaryimage"},"thumbnailUrl":"https:\/\/voyagedelabaleine.fr\/wp-content\/uploads\/2025\/02\/gilet-bebe-laine.jpg","datePublished":"2024-12-12T15:32:07+00:00","dateModified":"2025-02-10T13:51:15+00:00","description":"Lorsqu'il s'agit de cr\u00e9er une tenue \u00e9l\u00e9gante et pratique pour votre b\u00e9b\u00e9, les gilets et cardigans sont des pi\u00e8ces incontournables","breadcrumb":{"@id":"https:\/\/voyagedelabaleine.fr\/en\/gilets-et-cardigans-la-touche-finale-pour-un-look-bebe-chic-et-confortable\/#breadcrumb"},"inLanguage":"en-US","potentialAction":[{"@type":"ReadAction","target":["https:\/\/voyagedelabaleine.fr\/en\/gilets-et-cardigans-la-touche-finale-pour-un-look-bebe-chic-et-confortable\/"]}]},{"@type":"ImageObject","inLanguage":"en-US","@id":"https:\/\/voyagedelabaleine.fr\/en\/gilets-et-cardigans-la-touche-finale-pour-un-look-bebe-chic-et-confortable\/#primaryimage","url":"https:\/\/voyagedelabaleine.fr\/wp-content\/uploads\/2025\/02\/gilet-bebe-laine.jpg","contentUrl":"https:\/\/voyagedelabaleine.fr\/wp-content\/uploads\/2025\/02\/gilet-bebe-laine.jpg","width":1200,"height":1200,"caption":"Gilet b\u00e9b\u00e9 oatmeal col ch\u00e2le en laine m\u00e9rinos"},{"@type":"BreadcrumbList","@id":"https:\/\/voyagedelabaleine.fr\/en\/gilets-et-cardigans-la-touche-finale-pour-un-look-bebe-chic-et-confortable\/#breadcrumb","itemListElement":[{"@type":"ListItem","position":1,"name":"Accueil","item":"https:\/\/voyagedelabaleine.fr\/en\/timeless-refined-clothing-babies-children\/"},{"@type":"ListItem","position":2,"name":"Gilets et cardigans : la touche finale pour un look b\u00e9b\u00e9 chic et confortable"}]},{"@type":"WebSite","@id":"https:\/\/voyagedelabaleine.fr\/en\/#website","url":"https:\/\/voyagedelabaleine.fr\/en\/","name":"Voyage de la Baleine","description":"V\u00eatements intemporels et raffin\u00e9s pour b\u00e9b\u00e9s et enfants","publisher":{"@id":"https:\/\/voyagedelabaleine.fr\/en\/#organization"},"potentialAction":[{"@type":"SearchAction","target":{"@type":"EntryPoint","urlTemplate":"https:\/\/voyagedelabaleine.fr\/en\/?s={search_term_string}"},"query-input":{"@type":"PropertyValueSpecification","valueRequired":true,"valueName":"search_term_string"}}],"inLanguage":"en-US"},{"@type":"Organization","@id":"https:\/\/voyagedelabaleine.fr\/en\/#organization","name":"Voyage de la Baleine","url":"https:\/\/voyagedelabaleine.fr\/en\/","logo":{"@type":"ImageObject","inLanguage":"en-US","@id":"https:\/\/voyagedelabaleine.fr\/en\/#\/schema\/logo\/image\/","url":"https:\/\/voyagedelabaleine.fr\/wp-content\/uploads\/2025\/06\/logo.webp","contentUrl":"https:\/\/voyagedelabaleine.fr\/wp-content\/uploads\/2025\/06\/logo.webp","width":153,"height":64,"caption":"Voyage de la Baleine"},"image":{"@id":"https:\/\/voyagedelabaleine.fr\/en\/#\/schema\/logo\/image\/"},"sameAs":["https:\/\/www.facebook.com\/voyagedelabaleine\/","https:\/\/www.instagram.com\/voyagedelabaleine\/","https:\/\/www.pinterest.fr\/Voyagedelabaleine\/"]},{"@type":"Person","@id":"https:\/\/voyagedelabaleine.fr\/en\/#\/schema\/person\/c671326f725b734ef8db95b0f5494f3c","name":"Vichot Flore","image":{"@type":"ImageObject","inLanguage":"en-US","@id":"https:\/\/voyagedelabaleine.fr\/en\/#\/schema\/person\/image\/","url":"https:\/\/secure.gravatar.com\/avatar\/a25b15976ba5eb032c1540a7cda927ac9061a74911773ed7cd3e6f905f05d046?s=96&d=identicon&r=g","contentUrl":"https:\/\/secure.gravatar.com\/avatar\/a25b15976ba5eb032c1540a7cda927ac9061a74911773ed7cd3e6f905f05d046?s=96&d=identicon&r=g","caption":"Vichot Flore"}}]}},"_links":{"self":[{"href":"https:\/\/voyagedelabaleine.fr\/en\/wp-json\/wp\/v2\/posts\/15107","targetHints":{"allow":["GET"]}}],"collection":[{"href":"https:\/\/voyagedelabaleine.fr\/en\/wp-json\/wp\/v2\/posts"}],"about":[{"href":"https:\/\/voyagedelabaleine.fr\/en\/wp-json\/wp\/v2\/types\/post"}],"author":[{"embeddable":true,"href":"https:\/\/voyagedelabaleine.fr\/en\/wp-json\/wp\/v2\/users\/222595023"}],"replies":[{"embeddable":true,"href":"https:\/\/voyagedelabaleine.fr\/en\/wp-json\/wp\/v2\/comments?post=15107"}],"version-history":[{"count":0,"href":"https:\/\/voyagedelabaleine.fr\/en\/wp-json\/wp\/v2\/posts\/15107\/revisions"}],"wp:featuredmedia":[{"embeddable":true,"href":"https:\/\/voyagedelabaleine.fr\/en\/wp-json\/wp\/v2\/media\/16993"}],"wp:attachment":[{"href":"https:\/\/voyagedelabaleine.fr\/en\/wp-json\/wp\/v2\/media?parent=15107"}],"wp:term":[{"taxonomy":"category","embeddable":true,"href":"https:\/\/voyagedelabaleine.fr\/en\/wp-json\/wp\/v2\/categories?post=15107"},{"taxonomy":"post_tag","embeddable":true,"href":"https:\/\/voyagedelabaleine.fr\/en\/wp-json\/wp\/v2\/tags?post=15107"}],"curies":[{"name":"wp","href":"https:\/\/api.w.org\/{rel}","templated":true}]}}