{"id":20809,"date":"2025-08-27T15:06:07","date_gmt":"2025-08-27T13:06:07","guid":{"rendered":"https:\/\/voyagedelabaleine.fr\/?p=20809"},"modified":"2025-11-06T22:17:07","modified_gmt":"2025-11-06T21:17:07","slug":"tendances-mode-bebe-automne-hiver-2025-des-tenues-elegantes-et-confortables-pour-la-saison-froide","status":"publish","type":"post","link":"https:\/\/voyagedelabaleine.fr\/en\/tendances-mode-bebe-automne-hiver-2025-des-tenues-elegantes-et-confortables-pour-la-saison-froide\/","title":{"rendered":"Tendances mode b\u00e9b\u00e9 automne-hiver 2025 : des tenues \u00e9l\u00e9gantes et confortables pour la saison froide"},"content":{"rendered":"\n<figure class=\"wp-block-image size-large\"><img decoding=\"async\" width=\"1024\" height=\"1024\" src=\"https:\/\/voyagedelabaleine.fr\/wp-content\/uploads\/2025\/08\/mode-bebe-automne-hiver-2025-1024x1024.jpg\" alt=\"\" class=\"wp-image-20813\" srcset=\"https:\/\/voyagedelabaleine.fr\/wp-content\/uploads\/2025\/08\/mode-bebe-automne-hiver-2025-1024x1024.jpg 1024w, https:\/\/voyagedelabaleine.fr\/wp-content\/uploads\/2025\/08\/mode-bebe-automne-hiver-2025-300x300.jpg 300w, https:\/\/voyagedelabaleine.fr\/wp-content\/uploads\/2025\/08\/mode-bebe-automne-hiver-2025-150x150.jpg 150w, https:\/\/voyagedelabaleine.fr\/wp-content\/uploads\/2025\/08\/mode-bebe-automne-hiver-2025-768x768.jpg 768w, https:\/\/voyagedelabaleine.fr\/wp-content\/uploads\/2025\/08\/mode-bebe-automne-hiver-2025-600x600.jpg 600w, https:\/\/voyagedelabaleine.fr\/wp-content\/uploads\/2025\/08\/mode-bebe-automne-hiver-2025-100x100.jpg 100w, https:\/\/voyagedelabaleine.fr\/wp-content\/uploads\/2025\/08\/mode-bebe-automne-hiver-2025.jpg 1200w\" sizes=\"(max-width: 1024px) 100vw, 1024px\" \/><\/figure>\n\n\n\n<p>Quand les temp\u00e9ratures baissent, habiller b\u00e9b\u00e9 demande \u00e0 la fois <strong>chaleur, confort et \u00e9l\u00e9gance<\/strong>. Pour l\u2019automne-hiver 2025, la mode b\u00e9b\u00e9 se r\u00e9invente autour de mati\u00e8res naturelles, de couleurs douces et de pi\u00e8ces intemporelles qui traversent les saisons sans perdre leur charme. Dans cet article, d\u00e9couvrez les <strong>tendances mode b\u00e9b\u00e9 automne-hiver 2025<\/strong>, ainsi que les essentiels \u00e0 adopter pour composer une garde-robe \u00e0 la fois raffin\u00e9e et pratique.<\/p>\n\n\n\n<hr class=\"wp-block-separator has-alpha-channel-opacity\"\/>\n\n\n\n<h2 class=\"wp-block-heading\">Mati\u00e8res phares de l\u2019automne-hiver 2025 : chaleur et douceur au naturel<\/h2>\n\n\n\n<p>Les v\u00eatements b\u00e9b\u00e9 automne-hiver privil\u00e9gient les <strong>mati\u00e8res naturelles et respirantes<\/strong>, qui assurent confort et chaleur :<\/p>\n\n\n\n<ul class=\"wp-block-list\">\n<li><strong>La laine m\u00e9rinos<\/strong> \u2192 douce, thermor\u00e9gulatrice, id\u00e9ale pour les pulls, cardigans et chaussons.<\/li>\n\n\n\n<li><strong>Le coton bio<\/strong> \u2192 incontournable pour les bodies b\u00e9b\u00e9 \u00e0 manches longues et les pyjamas confortables.<\/li>\n\n\n\n<li><strong>Le velours c\u00f4tel\u00e9<\/strong> \u2192 un grand retour cette saison, parfait pour les salopettes et pantalons b\u00e9b\u00e9.<\/li>\n\n\n\n<li><strong>Le tricot irlandais<\/strong> \u2192 chic et authentique, il s\u2019impose comme une pi\u00e8ce forte des garde-robes d\u2019hiver.<\/li>\n<\/ul>\n\n\n\n<p>Ces mati\u00e8res allient confort et praticit\u00e9, tout en offrant une \u00e9l\u00e9gance naturelle qui correspond parfaitement \u00e0 l\u2019univers <em>Voyage de la Baleine<\/em>.<\/p>\n\n\n\n<hr class=\"wp-block-separator has-alpha-channel-opacity\"\/>\n\n\n\n<h2 class=\"wp-block-heading\">Les couleurs tendances automne-hiver 2025 pour b\u00e9b\u00e9<\/h2>\n\n\n\n<p>Les palettes de couleurs de cet automne-hiver 2025 s\u2019inspirent de la nature et des teintes intemporelles :<\/p>\n\n\n\n<ul class=\"wp-block-list\">\n<li><strong>Vert for\u00eat et kaki doux<\/strong> \u2192 rappelent l\u2019\u00e9l\u00e9gance automnale.<\/li>\n\n\n\n<li><strong>Beige, \u00e9cru et laine naturelle<\/strong> \u2192 des basiques raffin\u00e9s qui s\u2019associent facilement.<\/li>\n\n\n\n<li><strong>Bleu marine et gris clair<\/strong> \u2192 parfaits pour des tenues \u00e9l\u00e9gantes et mixtes.<\/li>\n\n\n\n<li><strong>Bordeaux et terre cuite<\/strong> \u2192 de petites touches chaleureuses pour illuminer l\u2019hiver.<\/li>\n<\/ul>\n\n\n\n<p>Ces teintes se marient entre elles et permettent de composer des tenues coordonn\u00e9es pour b\u00e9b\u00e9 fille comme pour b\u00e9b\u00e9 gar\u00e7on.<\/p>\n\n\n\n<hr class=\"wp-block-separator has-alpha-channel-opacity\"\/>\n\n\n\n<h2 class=\"wp-block-heading\">Les pi\u00e8ces incontournables pour l\u2019automne-hiver 2025<\/h2>\n\n\n\n<p>Certaines pi\u00e8ces deviennent de v\u00e9ritables essentiels dans la garde-robe b\u00e9b\u00e9 cet automne-hiver :<\/p>\n\n\n\n<ul class=\"wp-block-list\">\n<li><strong><a href=\"https:\/\/voyagedelabaleine.fr\/categorie-produit\/bebe\/bodies-bebes\/\">Bodies \u00e0 manches longues \u00e0 col Claudine ou col volant\u00e9<\/a><\/strong> : \u00e9l\u00e9gants et faciles \u00e0 associer.<\/li>\n\n\n\n<li><strong>Salopettes en velours c\u00f4tel\u00e9<\/strong> : confortables, pratiques et r\u00e9solument tendance.<\/li>\n\n\n\n<li><strong>Pulls et gilets tricot\u00e9s<\/strong> : chaleur et raffinement, avec une pr\u00e9f\u00e9rence pour les torsades et les mailles traditionnelles.<\/li>\n\n\n\n<li><strong>Manteaux b\u00e9b\u00e9 en laine ou duffle-coats<\/strong> : des pi\u00e8ces intemporelles qui traversent les saisons.<\/li>\n\n\n\n<li><strong>Pyjamas et gigoteuses en coton bio<\/strong> : douceur assur\u00e9e pour les nuits d\u2019hiver.<\/li>\n\n\n\n<li><strong><a href=\"https:\/\/voyagedelabaleine.fr\/categorie-produit\/bebe\/chaussons-bebes\/\">Chaussons b\u00e9b\u00e9<\/a> en laine ou en cuir souple<\/strong> : indispensables pour garder les petits pieds au chaud.<\/li>\n<\/ul>\n\n\n\n<hr class=\"wp-block-separator has-alpha-channel-opacity\"\/>\n\n\n\n<h2 class=\"wp-block-heading\">L\u2019\u00e9l\u00e9gance intemporelle : habiller b\u00e9b\u00e9 comme un b\u00e9b\u00e9<\/h2>\n\n\n\n<p>En 2025, la tendance est claire : <strong>habiller les b\u00e9b\u00e9s comme des b\u00e9b\u00e9s<\/strong>, avec des v\u00eatements qui respectent leur \u00e2ge, tout en offrant un style raffin\u00e9. Les collections automne-hiver privil\u00e9gient :<\/p>\n\n\n\n<ul class=\"wp-block-list\">\n<li>Des <strong>coupes amples et confortables<\/strong>, adapt\u00e9es aux mouvements de b\u00e9b\u00e9.<\/li>\n\n\n\n<li>Des <strong>pi\u00e8ces unisexes<\/strong>, parfaites pour une garde-robe versatile.<\/li>\n\n\n\n<li>Des <strong>ensembles coordonn\u00e9s<\/strong> : gilet + bloomer, salopette + chemise, robe + cardigan.<\/li>\n<\/ul>\n\n\n\n<p>L\u2019objectif est de concilier <strong>praticit\u00e9 et \u00e9l\u00e9gance<\/strong>, pour cr\u00e9er un vestiaire qui accompagne b\u00e9b\u00e9 au quotidien comme lors des grandes occasions.<\/p>\n\n\n\n<hr class=\"wp-block-separator has-alpha-channel-opacity\"\/>\n\n\n\n<h2 class=\"wp-block-heading\">Tableau r\u00e9capitulatif : mode b\u00e9b\u00e9 automne-hiver 2025<\/h2>\n\n\n\n<figure class=\"wp-block-table\"><table class=\"has-fixed-layout\"><thead><tr><th>Tenue<\/th><th>Pi\u00e8ce phare<\/th><th>Mati\u00e8re<\/th><th>Style<\/th><\/tr><\/thead><tbody><tr><td>Tenue quotidienne<\/td><td>Body manches longues + salopette<\/td><td>Coton bio + velours c\u00f4tel\u00e9<\/td><td>Confortable et chic<\/td><\/tr><tr><td>Promenade d\u2019hiver<\/td><td><a href=\"https:\/\/voyagedelabaleine.fr\/categorie-produit\/pulls-irlandais-bebes\/\">Pull torsad\u00e9<\/a> + manteau laine + chaussons<\/td><td>Laine m\u00e9rinos<\/td><td>\u00c9l\u00e9gance intemporelle<\/td><\/tr><tr><td>Nuit d\u2019hiver<\/td><td>Pyjama + gigoteuse<\/td><td>Coton bio<\/td><td>Doux et pratique<\/td><\/tr><tr><td>Occasion sp\u00e9ciale<\/td><td>Robe col Claudine + cardigan<\/td><td>Coton et laine<\/td><td>Raffin\u00e9 et po\u00e9tique<\/td><\/tr><\/tbody><\/table><\/figure>\n\n\n\n<hr class=\"wp-block-separator has-alpha-channel-opacity\"\/>\n\n\n\n<h2 class=\"wp-block-heading\">En r\u00e9sum\u00e9<\/h2>\n\n\n\n<p>La mode b\u00e9b\u00e9 automne-hiver 2025 privil\u00e9gie des v\u00eatements <strong>confortables, \u00e9l\u00e9gants et intemporels<\/strong>, parfaits pour accompagner les tout-petits durant les mois froids. Mati\u00e8res naturelles, coupes pratiques, couleurs douces et touches raffin\u00e9es : tout est pens\u00e9 pour habiller b\u00e9b\u00e9 avec style sans n\u00e9gliger son confort.<\/p>\n\n\n\n<p>\ud83d\udc49 D\u00e9couvrez notre s\u00e9lection de v\u00eatements b\u00e9b\u00e9 automne-hiver 2025 sur <em>Voyage de la Baleine<\/em> et composez un vestiaire raffin\u00e9, sinc\u00e8re et chaleureux pour votre enfant.<\/p>\n","protected":false},"excerpt":{"rendered":"<p>Quand les temp\u00e9ratures baissent, habiller b\u00e9b\u00e9 demande \u00e0 la fois chaleur, confort et \u00e9l\u00e9gance. Pour l\u2019automne-hiver 2025, la mode b\u00e9b\u00e9 se r\u00e9invente autour de mati\u00e8res naturelles, de couleurs douces et de pi\u00e8ces intemporelles qui traversent les saisons sans perdre leur charme. Dans cet article, d\u00e9couvrez les tendances mode b\u00e9b\u00e9 automne-hiver 2025, ainsi que les essentiels [&hellip;]<\/p>\n","protected":false},"author":222595022,"featured_media":20813,"comment_status":"open","ping_status":"open","sticky":false,"template":"","format":"standard","meta":{"ocean_post_layout":"","ocean_both_sidebars_style":"","ocean_both_sidebars_content_width":0,"ocean_both_sidebars_sidebars_width":0,"ocean_sidebar":"","ocean_second_sidebar":"","ocean_disable_margins":"enable","ocean_add_body_class":"","ocean_shortcode_before_top_bar":"","ocean_shortcode_after_top_bar":"","ocean_shortcode_before_header":"","ocean_shortcode_after_header":"","ocean_has_shortcode":"","ocean_shortcode_after_title":"","ocean_shortcode_before_footer_widgets":"","ocean_shortcode_after_footer_widgets":"","ocean_shortcode_before_footer_bottom":"","ocean_shortcode_after_footer_bottom":"","ocean_display_top_bar":"default","ocean_display_header":"default","ocean_header_style":"","ocean_center_header_left_menu":"","ocean_custom_header_template":"","ocean_custom_logo":0,"ocean_custom_retina_logo":0,"ocean_custom_logo_max_width":0,"ocean_custom_logo_tablet_max_width":0,"ocean_custom_logo_mobile_max_width":0,"ocean_custom_logo_max_height":0,"ocean_custom_logo_tablet_max_height":0,"ocean_custom_logo_mobile_max_height":0,"ocean_header_custom_menu":"","ocean_menu_typo_font_family":"","ocean_menu_typo_font_subset":"","ocean_menu_typo_font_size":0,"ocean_menu_typo_font_size_tablet":0,"ocean_menu_typo_font_size_mobile":0,"ocean_menu_typo_font_size_unit":"px","ocean_menu_typo_font_weight":"","ocean_menu_typo_font_weight_tablet":"","ocean_menu_typo_font_weight_mobile":"","ocean_menu_typo_transform":"","ocean_menu_typo_transform_tablet":"","ocean_menu_typo_transform_mobile":"","ocean_menu_typo_line_height":0,"ocean_menu_typo_line_height_tablet":0,"ocean_menu_typo_line_height_mobile":0,"ocean_menu_typo_line_height_unit":"","ocean_menu_typo_spacing":0,"ocean_menu_typo_spacing_tablet":0,"ocean_menu_typo_spacing_mobile":0,"ocean_menu_typo_spacing_unit":"","ocean_menu_link_color":"","ocean_menu_link_color_hover":"","ocean_menu_link_color_active":"","ocean_menu_link_background":"","ocean_menu_link_hover_background":"","ocean_menu_link_active_background":"","ocean_menu_social_links_bg":"","ocean_menu_social_hover_links_bg":"","ocean_menu_social_links_color":"","ocean_menu_social_hover_links_color":"","ocean_disable_title":"default","ocean_disable_heading":"default","ocean_post_title":"","ocean_post_subheading":"","ocean_post_title_style":"","ocean_post_title_background_color":"","ocean_post_title_background":0,"ocean_post_title_bg_image_position":"","ocean_post_title_bg_image_attachment":"","ocean_post_title_bg_image_repeat":"","ocean_post_title_bg_image_size":"","ocean_post_title_height":0,"ocean_post_title_bg_overlay":0.5,"ocean_post_title_bg_overlay_color":"","ocean_disable_breadcrumbs":"default","ocean_breadcrumbs_color":"","ocean_breadcrumbs_separator_color":"","ocean_breadcrumbs_links_color":"","ocean_breadcrumbs_links_hover_color":"","ocean_display_footer_widgets":"default","ocean_display_footer_bottom":"default","ocean_custom_footer_template":"","osh_disable_topbar_sticky":"default","osh_disable_header_sticky":"default","osh_sticky_header_style":"default","osh_sticky_header_effect":"","osh_custom_sticky_logo":0,"osh_custom_retina_sticky_logo":0,"osh_custom_sticky_logo_height":0,"osh_background_color":"","osh_links_color":"","osh_links_hover_color":"","osh_links_active_color":"","osh_links_bg_color":"","osh_links_hover_bg_color":"","osh_links_active_bg_color":"","osh_menu_social_links_color":"","osh_menu_social_hover_links_color":"","ocean_post_oembed":"","ocean_post_self_hosted_media":"","ocean_post_video_embed":"","ocean_link_format":"","ocean_link_format_target":"self","ocean_quote_format":"","ocean_quote_format_link":"post","ocean_gallery_link_images":"on","ocean_gallery_id":[],"footnotes":""},"categories":[6325],"tags":[],"class_list":["post-20809","post","type-post","status-publish","format-standard","has-post-thumbnail","hentry","category-non-categorise","entry","has-media","owp-thumbs-layout-vertical","owp-btn-big","owp-tabs-layout-vertical","has-no-thumbnails","circle-sale"],"yoast_head":"<!-- This site is optimized with the Yoast SEO plugin v27.1.1 - https:\/\/yoast.com\/product\/yoast-seo-wordpress\/ -->\n<title>Tendances mode b\u00e9b\u00e9 automne-hiver 2025 : des tenues \u00e9l\u00e9gantes et confortables pour la saison froide - Voyage de la Baleine<\/title>\n<meta name=\"robots\" content=\"index, follow, max-snippet:-1, max-image-preview:large, max-video-preview:-1\" \/>\n<link rel=\"canonical\" href=\"https:\/\/voyagedelabaleine.fr\/en\/tendances-mode-bebe-automne-hiver-2025-des-tenues-elegantes-et-confortables-pour-la-saison-froide\/\" \/>\n<meta property=\"og:locale\" content=\"en_US\" \/>\n<meta property=\"og:type\" content=\"article\" \/>\n<meta property=\"og:title\" content=\"Tendances mode b\u00e9b\u00e9 automne-hiver 2025 : des tenues \u00e9l\u00e9gantes et confortables pour la saison froide - Voyage de la Baleine\" \/>\n<meta property=\"og:description\" content=\"Quand les temp\u00e9ratures baissent, habiller b\u00e9b\u00e9 demande \u00e0 la fois chaleur, confort et \u00e9l\u00e9gance. Pour l\u2019automne-hiver 2025, la mode b\u00e9b\u00e9 se r\u00e9invente autour de mati\u00e8res naturelles, de couleurs douces et de pi\u00e8ces intemporelles qui traversent les saisons sans perdre leur charme. Dans cet article, d\u00e9couvrez les tendances mode b\u00e9b\u00e9 automne-hiver 2025, ainsi que les essentiels [&hellip;]\" \/>\n<meta property=\"og:url\" content=\"https:\/\/voyagedelabaleine.fr\/en\/tendances-mode-bebe-automne-hiver-2025-des-tenues-elegantes-et-confortables-pour-la-saison-froide\/\" \/>\n<meta property=\"og:site_name\" content=\"Voyage de la Baleine\" \/>\n<meta property=\"article:publisher\" content=\"https:\/\/www.facebook.com\/voyagedelabaleine\/\" \/>\n<meta property=\"article:published_time\" content=\"2025-08-27T13:06:07+00:00\" \/>\n<meta property=\"article:modified_time\" content=\"2025-11-06T21:17:07+00:00\" \/>\n<meta property=\"og:image\" content=\"https:\/\/voyagedelabaleine.fr\/wp-content\/uploads\/2025\/08\/mode-bebe-automne-hiver-2025.jpg\" \/>\n\t<meta property=\"og:image:width\" content=\"1200\" \/>\n\t<meta property=\"og:image:height\" content=\"1200\" \/>\n\t<meta property=\"og:image:type\" content=\"image\/jpeg\" \/>\n<meta name=\"author\" content=\"LeVoyagedelaBaleine\" \/>\n<meta name=\"twitter:card\" content=\"summary_large_image\" \/>\n<meta name=\"twitter:label1\" content=\"Written by\" \/>\n\t<meta name=\"twitter:data1\" content=\"LeVoyagedelaBaleine\" \/>\n\t<meta name=\"twitter:label2\" content=\"Est. reading time\" \/>\n\t<meta name=\"twitter:data2\" content=\"4 minutes\" \/>\n<script type=\"application\/ld+json\" class=\"yoast-schema-graph\">{\"@context\":\"https:\/\/schema.org\",\"@graph\":[{\"@type\":\"Article\",\"@id\":\"https:\/\/voyagedelabaleine.fr\/en\/tendances-mode-bebe-automne-hiver-2025-des-tenues-elegantes-et-confortables-pour-la-saison-froide\/#article\",\"isPartOf\":{\"@id\":\"https:\/\/voyagedelabaleine.fr\/en\/tendances-mode-bebe-automne-hiver-2025-des-tenues-elegantes-et-confortables-pour-la-saison-froide\/\"},\"author\":{\"name\":\"LeVoyagedelaBaleine\",\"@id\":\"https:\/\/voyagedelabaleine.fr\/en\/#\/schema\/person\/3e973e5cd2782f6657fc067a702b83f9\"},\"headline\":\"Tendances mode b\u00e9b\u00e9 automne-hiver 2025 : des tenues \u00e9l\u00e9gantes et confortables pour la saison froide\",\"datePublished\":\"2025-08-27T13:06:07+00:00\",\"dateModified\":\"2025-11-06T21:17:07+00:00\",\"mainEntityOfPage\":{\"@id\":\"https:\/\/voyagedelabaleine.fr\/en\/tendances-mode-bebe-automne-hiver-2025-des-tenues-elegantes-et-confortables-pour-la-saison-froide\/\"},\"wordCount\":661,\"commentCount\":0,\"publisher\":{\"@id\":\"https:\/\/voyagedelabaleine.fr\/en\/#organization\"},\"image\":{\"@id\":\"https:\/\/voyagedelabaleine.fr\/en\/tendances-mode-bebe-automne-hiver-2025-des-tenues-elegantes-et-confortables-pour-la-saison-froide\/#primaryimage\"},\"thumbnailUrl\":\"https:\/\/voyagedelabaleine.fr\/wp-content\/uploads\/2025\/08\/mode-bebe-automne-hiver-2025.jpg\",\"articleSection\":[\"Non cat\u00e9goris\u00e9\"],\"inLanguage\":\"en-US\",\"potentialAction\":[{\"@type\":\"CommentAction\",\"name\":\"Comment\",\"target\":[\"https:\/\/voyagedelabaleine.fr\/en\/tendances-mode-bebe-automne-hiver-2025-des-tenues-elegantes-et-confortables-pour-la-saison-froide\/#respond\"]}]},{\"@type\":\"WebPage\",\"@id\":\"https:\/\/voyagedelabaleine.fr\/en\/tendances-mode-bebe-automne-hiver-2025-des-tenues-elegantes-et-confortables-pour-la-saison-froide\/\",\"url\":\"https:\/\/voyagedelabaleine.fr\/en\/tendances-mode-bebe-automne-hiver-2025-des-tenues-elegantes-et-confortables-pour-la-saison-froide\/\",\"name\":\"Tendances mode b\u00e9b\u00e9 automne-hiver 2025 : des tenues \u00e9l\u00e9gantes et confortables pour la saison froide - Voyage de la Baleine\",\"isPartOf\":{\"@id\":\"https:\/\/voyagedelabaleine.fr\/en\/#website\"},\"primaryImageOfPage\":{\"@id\":\"https:\/\/voyagedelabaleine.fr\/en\/tendances-mode-bebe-automne-hiver-2025-des-tenues-elegantes-et-confortables-pour-la-saison-froide\/#primaryimage\"},\"image\":{\"@id\":\"https:\/\/voyagedelabaleine.fr\/en\/tendances-mode-bebe-automne-hiver-2025-des-tenues-elegantes-et-confortables-pour-la-saison-froide\/#primaryimage\"},\"thumbnailUrl\":\"https:\/\/voyagedelabaleine.fr\/wp-content\/uploads\/2025\/08\/mode-bebe-automne-hiver-2025.jpg\",\"datePublished\":\"2025-08-27T13:06:07+00:00\",\"dateModified\":\"2025-11-06T21:17:07+00:00\",\"breadcrumb\":{\"@id\":\"https:\/\/voyagedelabaleine.fr\/en\/tendances-mode-bebe-automne-hiver-2025-des-tenues-elegantes-et-confortables-pour-la-saison-froide\/#breadcrumb\"},\"inLanguage\":\"en-US\",\"potentialAction\":[{\"@type\":\"ReadAction\",\"target\":[\"https:\/\/voyagedelabaleine.fr\/en\/tendances-mode-bebe-automne-hiver-2025-des-tenues-elegantes-et-confortables-pour-la-saison-froide\/\"]}]},{\"@type\":\"ImageObject\",\"inLanguage\":\"en-US\",\"@id\":\"https:\/\/voyagedelabaleine.fr\/en\/tendances-mode-bebe-automne-hiver-2025-des-tenues-elegantes-et-confortables-pour-la-saison-froide\/#primaryimage\",\"url\":\"https:\/\/voyagedelabaleine.fr\/wp-content\/uploads\/2025\/08\/mode-bebe-automne-hiver-2025.jpg\",\"contentUrl\":\"https:\/\/voyagedelabaleine.fr\/wp-content\/uploads\/2025\/08\/mode-bebe-automne-hiver-2025.jpg\",\"width\":1200,\"height\":1200},{\"@type\":\"BreadcrumbList\",\"@id\":\"https:\/\/voyagedelabaleine.fr\/en\/tendances-mode-bebe-automne-hiver-2025-des-tenues-elegantes-et-confortables-pour-la-saison-froide\/#breadcrumb\",\"itemListElement\":[{\"@type\":\"ListItem\",\"position\":1,\"name\":\"Accueil\",\"item\":\"https:\/\/voyagedelabaleine.fr\/en\/timeless-refined-clothing-babies-children\/\"},{\"@type\":\"ListItem\",\"position\":2,\"name\":\"Tendances mode b\u00e9b\u00e9 automne-hiver 2025 : des tenues \u00e9l\u00e9gantes et confortables pour la saison froide\"}]},{\"@type\":\"WebSite\",\"@id\":\"https:\/\/voyagedelabaleine.fr\/en\/#website\",\"url\":\"https:\/\/voyagedelabaleine.fr\/en\/\",\"name\":\"Voyage de la Baleine\",\"description\":\"V\u00eatements intemporels et raffin\u00e9s pour b\u00e9b\u00e9s et enfants\",\"publisher\":{\"@id\":\"https:\/\/voyagedelabaleine.fr\/en\/#organization\"},\"potentialAction\":[{\"@type\":\"SearchAction\",\"target\":{\"@type\":\"EntryPoint\",\"urlTemplate\":\"https:\/\/voyagedelabaleine.fr\/en\/?s={search_term_string}\"},\"query-input\":{\"@type\":\"PropertyValueSpecification\",\"valueRequired\":true,\"valueName\":\"search_term_string\"}}],\"inLanguage\":\"en-US\"},{\"@type\":\"Organization\",\"@id\":\"https:\/\/voyagedelabaleine.fr\/en\/#organization\",\"name\":\"Voyage de la Baleine\",\"url\":\"https:\/\/voyagedelabaleine.fr\/en\/\",\"logo\":{\"@type\":\"ImageObject\",\"inLanguage\":\"en-US\",\"@id\":\"https:\/\/voyagedelabaleine.fr\/en\/#\/schema\/logo\/image\/\",\"url\":\"https:\/\/voyagedelabaleine.fr\/wp-content\/uploads\/2025\/06\/logo.webp\",\"contentUrl\":\"https:\/\/voyagedelabaleine.fr\/wp-content\/uploads\/2025\/06\/logo.webp\",\"width\":153,\"height\":64,\"caption\":\"Voyage de la Baleine\"},\"image\":{\"@id\":\"https:\/\/voyagedelabaleine.fr\/en\/#\/schema\/logo\/image\/\"},\"sameAs\":[\"https:\/\/www.facebook.com\/voyagedelabaleine\/\",\"https:\/\/www.instagram.com\/voyagedelabaleine\/\",\"https:\/\/www.pinterest.fr\/Voyagedelabaleine\/\"]},{\"@type\":\"Person\",\"@id\":\"https:\/\/voyagedelabaleine.fr\/en\/#\/schema\/person\/3e973e5cd2782f6657fc067a702b83f9\",\"name\":\"LeVoyagedelaBaleine\",\"image\":{\"@type\":\"ImageObject\",\"inLanguage\":\"en-US\",\"@id\":\"https:\/\/voyagedelabaleine.fr\/en\/#\/schema\/person\/image\/\",\"url\":\"https:\/\/secure.gravatar.com\/avatar\/37645d556c128973cd6db18a57028fc40b25730c9e9778c37da03c8fe0e6ab35?s=96&d=identicon&r=g\",\"contentUrl\":\"https:\/\/secure.gravatar.com\/avatar\/37645d556c128973cd6db18a57028fc40b25730c9e9778c37da03c8fe0e6ab35?s=96&d=identicon&r=g\",\"caption\":\"LeVoyagedelaBaleine\"},\"sameAs\":[\"http:\/\/petitebaleinedotfr.wordpress.com\"]}]}<\/script>\n<!-- \/ Yoast SEO plugin. -->","yoast_head_json":{"title":"Tendances mode b\u00e9b\u00e9 automne-hiver 2025 : des tenues \u00e9l\u00e9gantes et confortables pour la saison froide - Voyage de la Baleine","robots":{"index":"index","follow":"follow","max-snippet":"max-snippet:-1","max-image-preview":"max-image-preview:large","max-video-preview":"max-video-preview:-1"},"canonical":"https:\/\/voyagedelabaleine.fr\/en\/tendances-mode-bebe-automne-hiver-2025-des-tenues-elegantes-et-confortables-pour-la-saison-froide\/","og_locale":"en_US","og_type":"article","og_title":"Tendances mode b\u00e9b\u00e9 automne-hiver 2025 : des tenues \u00e9l\u00e9gantes et confortables pour la saison froide - Voyage de la Baleine","og_description":"Quand les temp\u00e9ratures baissent, habiller b\u00e9b\u00e9 demande \u00e0 la fois chaleur, confort et \u00e9l\u00e9gance. Pour l\u2019automne-hiver 2025, la mode b\u00e9b\u00e9 se r\u00e9invente autour de mati\u00e8res naturelles, de couleurs douces et de pi\u00e8ces intemporelles qui traversent les saisons sans perdre leur charme. Dans cet article, d\u00e9couvrez les tendances mode b\u00e9b\u00e9 automne-hiver 2025, ainsi que les essentiels [&hellip;]","og_url":"https:\/\/voyagedelabaleine.fr\/en\/tendances-mode-bebe-automne-hiver-2025-des-tenues-elegantes-et-confortables-pour-la-saison-froide\/","og_site_name":"Voyage de la Baleine","article_publisher":"https:\/\/www.facebook.com\/voyagedelabaleine\/","article_published_time":"2025-08-27T13:06:07+00:00","article_modified_time":"2025-11-06T21:17:07+00:00","og_image":[{"width":1200,"height":1200,"url":"https:\/\/voyagedelabaleine.fr\/wp-content\/uploads\/2025\/08\/mode-bebe-automne-hiver-2025.jpg","type":"image\/jpeg"}],"author":"LeVoyagedelaBaleine","twitter_card":"summary_large_image","twitter_misc":{"Written by":"LeVoyagedelaBaleine","Est. reading time":"4 minutes"},"schema":{"@context":"https:\/\/schema.org","@graph":[{"@type":"Article","@id":"https:\/\/voyagedelabaleine.fr\/en\/tendances-mode-bebe-automne-hiver-2025-des-tenues-elegantes-et-confortables-pour-la-saison-froide\/#article","isPartOf":{"@id":"https:\/\/voyagedelabaleine.fr\/en\/tendances-mode-bebe-automne-hiver-2025-des-tenues-elegantes-et-confortables-pour-la-saison-froide\/"},"author":{"name":"LeVoyagedelaBaleine","@id":"https:\/\/voyagedelabaleine.fr\/en\/#\/schema\/person\/3e973e5cd2782f6657fc067a702b83f9"},"headline":"Tendances mode b\u00e9b\u00e9 automne-hiver 2025 : des tenues \u00e9l\u00e9gantes et confortables pour la saison froide","datePublished":"2025-08-27T13:06:07+00:00","dateModified":"2025-11-06T21:17:07+00:00","mainEntityOfPage":{"@id":"https:\/\/voyagedelabaleine.fr\/en\/tendances-mode-bebe-automne-hiver-2025-des-tenues-elegantes-et-confortables-pour-la-saison-froide\/"},"wordCount":661,"commentCount":0,"publisher":{"@id":"https:\/\/voyagedelabaleine.fr\/en\/#organization"},"image":{"@id":"https:\/\/voyagedelabaleine.fr\/en\/tendances-mode-bebe-automne-hiver-2025-des-tenues-elegantes-et-confortables-pour-la-saison-froide\/#primaryimage"},"thumbnailUrl":"https:\/\/voyagedelabaleine.fr\/wp-content\/uploads\/2025\/08\/mode-bebe-automne-hiver-2025.jpg","articleSection":["Non cat\u00e9goris\u00e9"],"inLanguage":"en-US","potentialAction":[{"@type":"CommentAction","name":"Comment","target":["https:\/\/voyagedelabaleine.fr\/en\/tendances-mode-bebe-automne-hiver-2025-des-tenues-elegantes-et-confortables-pour-la-saison-froide\/#respond"]}]},{"@type":"WebPage","@id":"https:\/\/voyagedelabaleine.fr\/en\/tendances-mode-bebe-automne-hiver-2025-des-tenues-elegantes-et-confortables-pour-la-saison-froide\/","url":"https:\/\/voyagedelabaleine.fr\/en\/tendances-mode-bebe-automne-hiver-2025-des-tenues-elegantes-et-confortables-pour-la-saison-froide\/","name":"Tendances mode b\u00e9b\u00e9 automne-hiver 2025 : des tenues \u00e9l\u00e9gantes et confortables pour la saison froide - Voyage de la Baleine","isPartOf":{"@id":"https:\/\/voyagedelabaleine.fr\/en\/#website"},"primaryImageOfPage":{"@id":"https:\/\/voyagedelabaleine.fr\/en\/tendances-mode-bebe-automne-hiver-2025-des-tenues-elegantes-et-confortables-pour-la-saison-froide\/#primaryimage"},"image":{"@id":"https:\/\/voyagedelabaleine.fr\/en\/tendances-mode-bebe-automne-hiver-2025-des-tenues-elegantes-et-confortables-pour-la-saison-froide\/#primaryimage"},"thumbnailUrl":"https:\/\/voyagedelabaleine.fr\/wp-content\/uploads\/2025\/08\/mode-bebe-automne-hiver-2025.jpg","datePublished":"2025-08-27T13:06:07+00:00","dateModified":"2025-11-06T21:17:07+00:00","breadcrumb":{"@id":"https:\/\/voyagedelabaleine.fr\/en\/tendances-mode-bebe-automne-hiver-2025-des-tenues-elegantes-et-confortables-pour-la-saison-froide\/#breadcrumb"},"inLanguage":"en-US","potentialAction":[{"@type":"ReadAction","target":["https:\/\/voyagedelabaleine.fr\/en\/tendances-mode-bebe-automne-hiver-2025-des-tenues-elegantes-et-confortables-pour-la-saison-froide\/"]}]},{"@type":"ImageObject","inLanguage":"en-US","@id":"https:\/\/voyagedelabaleine.fr\/en\/tendances-mode-bebe-automne-hiver-2025-des-tenues-elegantes-et-confortables-pour-la-saison-froide\/#primaryimage","url":"https:\/\/voyagedelabaleine.fr\/wp-content\/uploads\/2025\/08\/mode-bebe-automne-hiver-2025.jpg","contentUrl":"https:\/\/voyagedelabaleine.fr\/wp-content\/uploads\/2025\/08\/mode-bebe-automne-hiver-2025.jpg","width":1200,"height":1200},{"@type":"BreadcrumbList","@id":"https:\/\/voyagedelabaleine.fr\/en\/tendances-mode-bebe-automne-hiver-2025-des-tenues-elegantes-et-confortables-pour-la-saison-froide\/#breadcrumb","itemListElement":[{"@type":"ListItem","position":1,"name":"Accueil","item":"https:\/\/voyagedelabaleine.fr\/en\/timeless-refined-clothing-babies-children\/"},{"@type":"ListItem","position":2,"name":"Tendances mode b\u00e9b\u00e9 automne-hiver 2025 : des tenues \u00e9l\u00e9gantes et confortables pour la saison froide"}]},{"@type":"WebSite","@id":"https:\/\/voyagedelabaleine.fr\/en\/#website","url":"https:\/\/voyagedelabaleine.fr\/en\/","name":"Voyage de la Baleine","description":"V\u00eatements intemporels et raffin\u00e9s pour b\u00e9b\u00e9s et enfants","publisher":{"@id":"https:\/\/voyagedelabaleine.fr\/en\/#organization"},"potentialAction":[{"@type":"SearchAction","target":{"@type":"EntryPoint","urlTemplate":"https:\/\/voyagedelabaleine.fr\/en\/?s={search_term_string}"},"query-input":{"@type":"PropertyValueSpecification","valueRequired":true,"valueName":"search_term_string"}}],"inLanguage":"en-US"},{"@type":"Organization","@id":"https:\/\/voyagedelabaleine.fr\/en\/#organization","name":"Voyage de la Baleine","url":"https:\/\/voyagedelabaleine.fr\/en\/","logo":{"@type":"ImageObject","inLanguage":"en-US","@id":"https:\/\/voyagedelabaleine.fr\/en\/#\/schema\/logo\/image\/","url":"https:\/\/voyagedelabaleine.fr\/wp-content\/uploads\/2025\/06\/logo.webp","contentUrl":"https:\/\/voyagedelabaleine.fr\/wp-content\/uploads\/2025\/06\/logo.webp","width":153,"height":64,"caption":"Voyage de la Baleine"},"image":{"@id":"https:\/\/voyagedelabaleine.fr\/en\/#\/schema\/logo\/image\/"},"sameAs":["https:\/\/www.facebook.com\/voyagedelabaleine\/","https:\/\/www.instagram.com\/voyagedelabaleine\/","https:\/\/www.pinterest.fr\/Voyagedelabaleine\/"]},{"@type":"Person","@id":"https:\/\/voyagedelabaleine.fr\/en\/#\/schema\/person\/3e973e5cd2782f6657fc067a702b83f9","name":"LeVoyagedelaBaleine","image":{"@type":"ImageObject","inLanguage":"en-US","@id":"https:\/\/voyagedelabaleine.fr\/en\/#\/schema\/person\/image\/","url":"https:\/\/secure.gravatar.com\/avatar\/37645d556c128973cd6db18a57028fc40b25730c9e9778c37da03c8fe0e6ab35?s=96&d=identicon&r=g","contentUrl":"https:\/\/secure.gravatar.com\/avatar\/37645d556c128973cd6db18a57028fc40b25730c9e9778c37da03c8fe0e6ab35?s=96&d=identicon&r=g","caption":"LeVoyagedelaBaleine"},"sameAs":["http:\/\/petitebaleinedotfr.wordpress.com"]}]}},"_links":{"self":[{"href":"https:\/\/voyagedelabaleine.fr\/en\/wp-json\/wp\/v2\/posts\/20809","targetHints":{"allow":["GET"]}}],"collection":[{"href":"https:\/\/voyagedelabaleine.fr\/en\/wp-json\/wp\/v2\/posts"}],"about":[{"href":"https:\/\/voyagedelabaleine.fr\/en\/wp-json\/wp\/v2\/types\/post"}],"author":[{"embeddable":true,"href":"https:\/\/voyagedelabaleine.fr\/en\/wp-json\/wp\/v2\/users\/222595022"}],"replies":[{"embeddable":true,"href":"https:\/\/voyagedelabaleine.fr\/en\/wp-json\/wp\/v2\/comments?post=20809"}],"version-history":[{"count":1,"href":"https:\/\/voyagedelabaleine.fr\/en\/wp-json\/wp\/v2\/posts\/20809\/revisions"}],"predecessor-version":[{"id":22526,"href":"https:\/\/voyagedelabaleine.fr\/en\/wp-json\/wp\/v2\/posts\/20809\/revisions\/22526"}],"wp:featuredmedia":[{"embeddable":true,"href":"https:\/\/voyagedelabaleine.fr\/en\/wp-json\/wp\/v2\/media\/20813"}],"wp:attachment":[{"href":"https:\/\/voyagedelabaleine.fr\/en\/wp-json\/wp\/v2\/media?parent=20809"}],"wp:term":[{"taxonomy":"category","embeddable":true,"href":"https:\/\/voyagedelabaleine.fr\/en\/wp-json\/wp\/v2\/categories?post=20809"},{"taxonomy":"post_tag","embeddable":true,"href":"https:\/\/voyagedelabaleine.fr\/en\/wp-json\/wp\/v2\/tags?post=20809"}],"curies":[{"name":"wp","href":"https:\/\/api.w.org\/{rel}","templated":true}]}}