{"id":22509,"date":"2025-11-06T22:02:38","date_gmt":"2025-11-06T21:02:38","guid":{"rendered":"https:\/\/voyagedelabaleine.fr\/?p=22509"},"modified":"2025-11-06T22:17:00","modified_gmt":"2025-11-06T21:17:00","slug":"barboteuse-bebe-le-vetement-intemporel-qui-traverse-les-generations","status":"publish","type":"post","link":"https:\/\/voyagedelabaleine.fr\/en\/barboteuse-bebe-le-vetement-intemporel-qui-traverse-les-generations\/","title":{"rendered":"Barboteuse b\u00e9b\u00e9 : le v\u00eatement intemporel qui traverse les g\u00e9n\u00e9rations"},"content":{"rendered":"\n<figure class=\"wp-block-image size-full\"><img decoding=\"async\" width=\"1000\" height=\"1000\" src=\"https:\/\/voyagedelabaleine.fr\/wp-content\/uploads\/2025\/11\/barboteuse-grise-beige-fotor-2025110621562.jpg\" alt=\"\" class=\"wp-image-22514\" srcset=\"https:\/\/voyagedelabaleine.fr\/wp-content\/uploads\/2025\/11\/barboteuse-grise-beige-fotor-2025110621562.jpg 1000w, https:\/\/voyagedelabaleine.fr\/wp-content\/uploads\/2025\/11\/barboteuse-grise-beige-fotor-2025110621562-300x300.jpg 300w, https:\/\/voyagedelabaleine.fr\/wp-content\/uploads\/2025\/11\/barboteuse-grise-beige-fotor-2025110621562-150x150.jpg 150w, https:\/\/voyagedelabaleine.fr\/wp-content\/uploads\/2025\/11\/barboteuse-grise-beige-fotor-2025110621562-768x768.jpg 768w, https:\/\/voyagedelabaleine.fr\/wp-content\/uploads\/2025\/11\/barboteuse-grise-beige-fotor-2025110621562-600x600.jpg 600w, https:\/\/voyagedelabaleine.fr\/wp-content\/uploads\/2025\/11\/barboteuse-grise-beige-fotor-2025110621562-100x100.jpg 100w\" sizes=\"(max-width: 1000px) 100vw, 1000px\" \/><\/figure>\n\n\n\n<p>La <strong>barboteuse<\/strong> est sans doute la pi\u00e8ce la plus embl\u00e9matique du vestiaire b\u00e9b\u00e9. \u00c0 la fois pratique, confortable et \u00e9l\u00e9gante, elle habille les tout-petits depuis des d\u00e9cennies. Longtemps associ\u00e9e \u00e0 l\u2019enfance d\u2019antan, elle revient aujourd\u2019hui en force dans les collections modernes, port\u00e9e par une <strong>mode authentique et raffin\u00e9e<\/strong>.<br>Dans cet article, d\u00e9couvrez tout ce qu\u2019il faut savoir sur la <strong>barboteuse b\u00e9b\u00e9<\/strong> : son origine, ses avantages, les mod\u00e8les tendance et comment bien la choisir.<\/p>\n\n\n\n<hr class=\"wp-block-separator has-alpha-channel-opacity\"\/>\n\n\n\n<h2 class=\"wp-block-heading\">Qu\u2019est-ce qu\u2019une barboteuse ?<\/h2>\n\n\n\n<p>La <strong>barboteuse<\/strong> est un v\u00eatement une-pi\u00e8ce pour b\u00e9b\u00e9, g\u00e9n\u00e9ralement \u00e0 manches courtes ou longues, qui se ferme \u00e0 l\u2019entrejambe par des boutons-pression.<br>Elle se distingue par :<\/p>\n\n\n\n<ul class=\"wp-block-list\">\n<li>sa <strong>forme bouffante<\/strong>, qui laisse de la place aux couches,<\/li>\n\n\n\n<li>son <strong>syst\u00e8me de fermeture pratique<\/strong>,<\/li>\n\n\n\n<li>et sa <strong>polyvalence<\/strong>, puisqu\u2019elle peut \u00eatre port\u00e9e seule en \u00e9t\u00e9 ou sous un gilet en automne.<\/li>\n<\/ul>\n\n\n\n<p>Autrefois confectionn\u00e9e dans des tissus de lin ou de coton, la barboteuse moderne se d\u00e9cline aujourd\u2019hui dans de nombreuses mati\u00e8res et styles, tout en conservant son charme r\u00e9tro.<\/p>\n\n\n\n<hr class=\"wp-block-separator has-alpha-channel-opacity\"\/>\n\n\n\n<h2 class=\"wp-block-heading\">Pourquoi choisir une barboteuse pour b\u00e9b\u00e9 ?<\/h2>\n\n\n\n<p>Les parents pl\u00e9biscitent la barboteuse pour plusieurs raisons :<\/p>\n\n\n\n<ol class=\"wp-block-list\">\n<li><strong>Un confort absolu<\/strong><br>Sa coupe ample laisse b\u00e9b\u00e9 libre de ses mouvements. Aucune couture rigide, aucun \u00e9lastique g\u00eanant : elle est pens\u00e9e pour le bien-\u00eatre des tout-petits.<\/li>\n\n\n\n<li><strong>Une praticit\u00e9 au quotidien<\/strong><br>Gr\u00e2ce aux boutons-pression, la <strong>barboteuse<\/strong> s\u2019enfile facilement et permet de changer b\u00e9b\u00e9 rapidement.<\/li>\n\n\n\n<li><strong>Un style intemporel<\/strong><br>Qu\u2019elle soit en coton, en velours ou en lin, la barboteuse apporte toujours une touche d\u2019\u00e9l\u00e9gance discr\u00e8te. C\u2019est le v\u00eatement parfait pour habiller les b\u00e9b\u00e9s \u201ccomme des b\u00e9b\u00e9s\u201d.<\/li>\n\n\n\n<li><strong>Une pi\u00e8ce mixte<\/strong><br>Elle convient aussi bien aux <strong>petits gar\u00e7ons<\/strong> qu\u2019aux <strong>petites filles<\/strong>, selon la coupe ou les finitions choisies (col Claudine, volants, carreaux, boutons nacr\u00e9s, etc.).<\/li>\n<\/ol>\n\n\n\n<hr class=\"wp-block-separator has-alpha-channel-opacity\"\/>\n\n\n\n<h2 class=\"wp-block-heading\">Les diff\u00e9rents mod\u00e8les de barboteuses<\/h2>\n\n\n\n<figure class=\"wp-block-table\"><table class=\"has-fixed-layout\"><thead><tr><th>Type de barboteuse<\/th><th>Saison id\u00e9ale<\/th><th>Mati\u00e8re conseill\u00e9e<\/th><th>Style<\/th><\/tr><\/thead><tbody><tr><td><strong>Barboteuse en coton bio<\/strong><\/td><td>Toute l\u2019ann\u00e9e<\/td><td>Coton biologique<\/td><td>Douce et respirante<\/td><\/tr><tr><td><strong>Barboteuse en velours c\u00f4tel\u00e9<\/strong><\/td><td>Automne \/ hiver<\/td><td>Velours de coton<\/td><td>R\u00e9tro et chic<\/td><\/tr><tr><td><strong>Barboteuse \u00e0 col Claudine<\/strong><\/td><td>Mi-saison \/ c\u00e9r\u00e9monie<\/td><td>Coton ou lin<\/td><td>\u00c9l\u00e9gante et po\u00e9tique<\/td><\/tr><tr><td><strong>Barboteuse \u00e0 bretelles<\/strong><\/td><td>\u00c9t\u00e9<\/td><td>Lin ou double gaze<\/td><td>Fra\u00eeche et l\u00e9g\u00e8re<\/td><\/tr><tr><td><strong>Barboteuse tricot\u00e9e<\/strong><\/td><td>Hiver<\/td><td>Laine m\u00e9rinos<\/td><td>Cocooning et raffin\u00e9e<\/td><\/tr><\/tbody><\/table><\/figure>\n\n\n\n<p>Chaque mod\u00e8le a sa saison, mais tous partagent une m\u00eame philosophie : <strong>le confort et la douceur avant tout<\/strong>.<\/p>\n\n\n\n<hr class=\"wp-block-separator has-alpha-channel-opacity\"\/>\n\n\n\n<h2 class=\"wp-block-heading\">Les mati\u00e8res \u00e0 privil\u00e9gier pour une barboteuse b\u00e9b\u00e9<\/h2>\n\n\n\n<p>Pour allier confort, qualit\u00e9 et durabilit\u00e9, privil\u00e9giez les <strong>mati\u00e8res naturelles et \u00e9coresponsables<\/strong> :<\/p>\n\n\n\n<ul class=\"wp-block-list\">\n<li><strong>Coton bio<\/strong> : id\u00e9al pour les peaux sensibles.<\/li>\n\n\n\n<li><strong>Lin lav\u00e9<\/strong> : respirant, parfait pour l\u2019\u00e9t\u00e9.<\/li>\n\n\n\n<li><strong>Velours c\u00f4tel\u00e9<\/strong> : doux et chaleureux pour l\u2019automne.<\/li>\n\n\n\n<li><strong>Laine m\u00e9rinos<\/strong> : r\u00e9gule la temp\u00e9rature, id\u00e9ale pour l\u2019hiver.<\/li>\n<\/ul>\n\n\n\n<p>Chez <em>Voyage de la Baleine<\/em>, chaque barboteuse est s\u00e9lectionn\u00e9e pour sa <strong>qualit\u00e9 de tissu<\/strong>, sa <strong>fabrication europ\u00e9enne<\/strong> et son <strong>style intemporel<\/strong>, fid\u00e8le \u00e0 notre univers po\u00e9tique.<\/p>\n\n\n\n<hr class=\"wp-block-separator has-alpha-channel-opacity\"\/>\n\n\n\n<h2 class=\"wp-block-heading\">Comment bien choisir une barboteuse ?<\/h2>\n\n\n\n<p>Voici quelques conseils pratiques :<\/p>\n\n\n\n<ol class=\"wp-block-list\">\n<li><strong>Choisir la bonne taille<\/strong> : une barboteuse doit \u00eatre l\u00e9g\u00e8rement ample, pour ne pas comprimer b\u00e9b\u00e9.<\/li>\n\n\n\n<li><strong>V\u00e9rifier les finitions<\/strong> : coutures plates, boutons solides, tissus certifi\u00e9s.<\/li>\n\n\n\n<li><strong>Penser \u00e0 la saison<\/strong> : coton ou lin en \u00e9t\u00e9, velours ou laine en hiver.<\/li>\n\n\n\n<li><strong>Miser sur la durabilit\u00e9<\/strong> : pr\u00e9f\u00e9rez une barboteuse de qualit\u00e9, facile \u00e0 entretenir et transmise d\u2019un enfant \u00e0 l\u2019autre.<\/li>\n\n\n\n<li><strong>Allier esth\u00e9tique et confort<\/strong> : les cols, volants ou d\u00e9tails brod\u00e9s apportent du charme sans sacrifier la praticit\u00e9.<\/li>\n<\/ol>\n\n\n\n<hr class=\"wp-block-separator has-alpha-channel-opacity\"\/>\n\n\n\n<h2 class=\"wp-block-heading\">La barboteuse : un cadeau de naissance id\u00e9al<\/h2>\n\n\n\n<p>Offrir une barboteuse, c\u2019est offrir un <strong>v\u00eatement \u00e0 la fois utile et symbolique<\/strong>.<br>C\u2019est une pi\u00e8ce que les parents garderont souvent en souvenir des premiers mois de leur enfant.<br>Une <strong>barboteuse raffin\u00e9e<\/strong>, dans une belle mati\u00e8re naturelle, devient un <strong>cadeau de naissance intemporel<\/strong> et toujours appr\u00e9ci\u00e9.<\/p>\n\n\n\n<hr class=\"wp-block-separator has-alpha-channel-opacity\"\/>\n\n\n\n<h2 class=\"wp-block-heading\">Entretien et durabilit\u00e9<\/h2>\n\n\n\n<p>Pour prolonger la vie de vos v\u00eatements b\u00e9b\u00e9 :<\/p>\n\n\n\n<ul class=\"wp-block-list\">\n<li>Lavez la barboteuse \u00e0 <strong>30 \u00b0C<\/strong> avec une lessive douce.<\/li>\n\n\n\n<li>\u00c9vitez le s\u00e8che-linge pour pr\u00e9server les fibres naturelles.<\/li>\n\n\n\n<li>Repassage l\u00e9ger sur l\u2019envers pour le coton et le lin.<\/li>\n<\/ul>\n\n\n\n<p>En privil\u00e9giant des mati\u00e8res naturelles, vous optez pour un v\u00eatement <strong>facile \u00e0 entretenir et durable<\/strong>.<\/p>\n\n\n\n<hr class=\"wp-block-separator has-alpha-channel-opacity\"\/>\n\n\n\n<h2 class=\"wp-block-heading\">En r\u00e9sum\u00e9<\/h2>\n\n\n\n<p>La <strong>barboteuse b\u00e9b\u00e9<\/strong> est bien plus qu\u2019un simple v\u00eatement : c\u2019est un symbole d\u2019\u00e9l\u00e9gance et de douceur, une pi\u00e8ce \u00e0 la fois <strong>po\u00e9tique, pratique et responsable<\/strong>.<br>Elle traverse les g\u00e9n\u00e9rations sans jamais se d\u00e9moder, et reste un indispensable du vestiaire des tout-petits.<\/p>\n\n\n\n<p>\ud83d\udc49 D\u00e9couvrez notre <strong>s\u00e9lection de barboteuses<\/strong> sur <em>Voyage de la Baleine<\/em> : des mod\u00e8les raffin\u00e9s, confectionn\u00e9s en Europe, pour habiller votre b\u00e9b\u00e9 avec charme et authenticit\u00e9 :<\/p>\n\n\n\n<p><a href=\"https:\/\/voyagedelabaleine.fr\/categorie-produit\/naissance\/vetements-naissance\/barboteuses-salopettes-naissance\/\">Barboteuse, salopette naissance<\/a><\/p>\n\n\n\n<p><a href=\"https:\/\/voyagedelabaleine.fr\/categorie-produit\/bebe\/vetements-bebes\/barboteuses-salopettes-bebes\/\">Barboteuse, salopette b\u00e9b\u00e9<\/a><\/p>\n\n\n\n<p><\/p>\n\n\n","protected":false},"excerpt":{"rendered":"<p>La barboteuse est sans doute la pi\u00e8ce la plus embl\u00e9matique du vestiaire b\u00e9b\u00e9. \u00c0 la fois pratique, confortable et \u00e9l\u00e9gante, elle habille les tout-petits depuis des d\u00e9cennies. Longtemps associ\u00e9e \u00e0 l\u2019enfance d\u2019antan, elle revient aujourd\u2019hui en force dans les collections modernes, port\u00e9e par une mode authentique et raffin\u00e9e.Dans cet article, d\u00e9couvrez tout ce qu\u2019il faut [&hellip;]<\/p>\n","protected":false},"author":222595022,"featured_media":22514,"comment_status":"open","ping_status":"open","sticky":false,"template":"","format":"standard","meta":{"ocean_post_layout":"","ocean_both_sidebars_style":"","ocean_both_sidebars_content_width":0,"ocean_both_sidebars_sidebars_width":0,"ocean_sidebar":"","ocean_second_sidebar":"","ocean_disable_margins":"enable","ocean_add_body_class":"","ocean_shortcode_before_top_bar":"","ocean_shortcode_after_top_bar":"","ocean_shortcode_before_header":"","ocean_shortcode_after_header":"","ocean_has_shortcode":"","ocean_shortcode_after_title":"","ocean_shortcode_before_footer_widgets":"","ocean_shortcode_after_footer_widgets":"","ocean_shortcode_before_footer_bottom":"","ocean_shortcode_after_footer_bottom":"","ocean_display_top_bar":"default","ocean_display_header":"default","ocean_header_style":"","ocean_center_header_left_menu":"","ocean_custom_header_template":"","ocean_custom_logo":0,"ocean_custom_retina_logo":0,"ocean_custom_logo_max_width":0,"ocean_custom_logo_tablet_max_width":0,"ocean_custom_logo_mobile_max_width":0,"ocean_custom_logo_max_height":0,"ocean_custom_logo_tablet_max_height":0,"ocean_custom_logo_mobile_max_height":0,"ocean_header_custom_menu":"","ocean_menu_typo_font_family":"","ocean_menu_typo_font_subset":"","ocean_menu_typo_font_size":0,"ocean_menu_typo_font_size_tablet":0,"ocean_menu_typo_font_size_mobile":0,"ocean_menu_typo_font_size_unit":"px","ocean_menu_typo_font_weight":"","ocean_menu_typo_font_weight_tablet":"","ocean_menu_typo_font_weight_mobile":"","ocean_menu_typo_transform":"","ocean_menu_typo_transform_tablet":"","ocean_menu_typo_transform_mobile":"","ocean_menu_typo_line_height":0,"ocean_menu_typo_line_height_tablet":0,"ocean_menu_typo_line_height_mobile":0,"ocean_menu_typo_line_height_unit":"","ocean_menu_typo_spacing":0,"ocean_menu_typo_spacing_tablet":0,"ocean_menu_typo_spacing_mobile":0,"ocean_menu_typo_spacing_unit":"","ocean_menu_link_color":"","ocean_menu_link_color_hover":"","ocean_menu_link_color_active":"","ocean_menu_link_background":"","ocean_menu_link_hover_background":"","ocean_menu_link_active_background":"","ocean_menu_social_links_bg":"","ocean_menu_social_hover_links_bg":"","ocean_menu_social_links_color":"","ocean_menu_social_hover_links_color":"","ocean_disable_title":"default","ocean_disable_heading":"default","ocean_post_title":"","ocean_post_subheading":"","ocean_post_title_style":"","ocean_post_title_background_color":"","ocean_post_title_background":0,"ocean_post_title_bg_image_position":"","ocean_post_title_bg_image_attachment":"","ocean_post_title_bg_image_repeat":"","ocean_post_title_bg_image_size":"","ocean_post_title_height":0,"ocean_post_title_bg_overlay":0.5,"ocean_post_title_bg_overlay_color":"","ocean_disable_breadcrumbs":"default","ocean_breadcrumbs_color":"","ocean_breadcrumbs_separator_color":"","ocean_breadcrumbs_links_color":"","ocean_breadcrumbs_links_hover_color":"","ocean_display_footer_widgets":"default","ocean_display_footer_bottom":"default","ocean_custom_footer_template":"","osh_disable_topbar_sticky":"default","osh_disable_header_sticky":"default","osh_sticky_header_style":"default","osh_sticky_header_effect":"","osh_custom_sticky_logo":0,"osh_custom_retina_sticky_logo":0,"osh_custom_sticky_logo_height":0,"osh_background_color":"","osh_links_color":"","osh_links_hover_color":"","osh_links_active_color":"","osh_links_bg_color":"","osh_links_hover_bg_color":"","osh_links_active_bg_color":"","osh_menu_social_links_color":"","osh_menu_social_hover_links_color":"","ocean_post_oembed":"","ocean_post_self_hosted_media":"","ocean_post_video_embed":"","ocean_link_format":"","ocean_link_format_target":"self","ocean_quote_format":"","ocean_quote_format_link":"post","ocean_gallery_link_images":"on","ocean_gallery_id":[],"footnotes":""},"categories":[6325],"tags":[],"class_list":["post-22509","post","type-post","status-publish","format-standard","has-post-thumbnail","hentry","category-non-categorise","entry","has-media","owp-thumbs-layout-vertical","owp-btn-big","owp-tabs-layout-vertical","has-no-thumbnails","circle-sale"],"yoast_head":"<!-- This site is optimized with the Yoast SEO plugin v27.1.1 - https:\/\/yoast.com\/product\/yoast-seo-wordpress\/ -->\n<title>Barboteuse b\u00e9b\u00e9 : \u00e9l\u00e9gance, confort et intemporalit\u00e9<\/title>\n<meta name=\"description\" content=\"D\u00e9couvrez la barboteuse b\u00e9b\u00e9 : un v\u00eatement intemporel, \u00e9l\u00e9gant et confortable. Mati\u00e8res naturelles, qualit\u00e9 europ\u00e9enne et style raffin\u00e9.\" \/>\n<meta name=\"robots\" content=\"index, follow, max-snippet:-1, max-image-preview:large, max-video-preview:-1\" \/>\n<link rel=\"canonical\" href=\"https:\/\/voyagedelabaleine.fr\/en\/barboteuse-bebe-le-vetement-intemporel-qui-traverse-les-generations\/\" \/>\n<meta property=\"og:locale\" content=\"en_US\" \/>\n<meta property=\"og:type\" content=\"article\" \/>\n<meta property=\"og:title\" content=\"Barboteuse b\u00e9b\u00e9 : \u00e9l\u00e9gance, confort et intemporalit\u00e9\" \/>\n<meta property=\"og:description\" content=\"D\u00e9couvrez la barboteuse b\u00e9b\u00e9 : un v\u00eatement intemporel, \u00e9l\u00e9gant et confortable. Mati\u00e8res naturelles, qualit\u00e9 europ\u00e9enne et style raffin\u00e9.\" \/>\n<meta property=\"og:url\" content=\"https:\/\/voyagedelabaleine.fr\/en\/barboteuse-bebe-le-vetement-intemporel-qui-traverse-les-generations\/\" \/>\n<meta property=\"og:site_name\" content=\"Voyage de la Baleine\" \/>\n<meta property=\"article:publisher\" content=\"https:\/\/www.facebook.com\/voyagedelabaleine\/\" \/>\n<meta property=\"article:published_time\" content=\"2025-11-06T21:02:38+00:00\" \/>\n<meta property=\"article:modified_time\" content=\"2025-11-06T21:17:00+00:00\" \/>\n<meta property=\"og:image\" content=\"https:\/\/voyagedelabaleine.fr\/wp-content\/uploads\/2025\/11\/barboteuse-grise-beige-fotor-2025110621562.jpg\" \/>\n\t<meta property=\"og:image:width\" content=\"1000\" \/>\n\t<meta property=\"og:image:height\" content=\"1000\" \/>\n\t<meta property=\"og:image:type\" content=\"image\/jpeg\" \/>\n<meta name=\"author\" content=\"LeVoyagedelaBaleine\" \/>\n<meta name=\"twitter:card\" content=\"summary_large_image\" \/>\n<meta name=\"twitter:label1\" content=\"Written by\" \/>\n\t<meta name=\"twitter:data1\" content=\"LeVoyagedelaBaleine\" \/>\n\t<meta name=\"twitter:label2\" content=\"Est. reading time\" \/>\n\t<meta name=\"twitter:data2\" content=\"5 minutes\" \/>\n<script type=\"application\/ld+json\" class=\"yoast-schema-graph\">{\"@context\":\"https:\/\/schema.org\",\"@graph\":[{\"@type\":\"Article\",\"@id\":\"https:\/\/voyagedelabaleine.fr\/en\/barboteuse-bebe-le-vetement-intemporel-qui-traverse-les-generations\/#article\",\"isPartOf\":{\"@id\":\"https:\/\/voyagedelabaleine.fr\/en\/barboteuse-bebe-le-vetement-intemporel-qui-traverse-les-generations\/\"},\"author\":{\"name\":\"LeVoyagedelaBaleine\",\"@id\":\"https:\/\/voyagedelabaleine.fr\/en\/#\/schema\/person\/3e973e5cd2782f6657fc067a702b83f9\"},\"headline\":\"Barboteuse b\u00e9b\u00e9 : le v\u00eatement intemporel qui traverse les g\u00e9n\u00e9rations\",\"datePublished\":\"2025-11-06T21:02:38+00:00\",\"dateModified\":\"2025-11-06T21:17:00+00:00\",\"mainEntityOfPage\":{\"@id\":\"https:\/\/voyagedelabaleine.fr\/en\/barboteuse-bebe-le-vetement-intemporel-qui-traverse-les-generations\/\"},\"wordCount\":836,\"commentCount\":0,\"publisher\":{\"@id\":\"https:\/\/voyagedelabaleine.fr\/en\/#organization\"},\"image\":{\"@id\":\"https:\/\/voyagedelabaleine.fr\/en\/barboteuse-bebe-le-vetement-intemporel-qui-traverse-les-generations\/#primaryimage\"},\"thumbnailUrl\":\"https:\/\/voyagedelabaleine.fr\/wp-content\/uploads\/2025\/11\/barboteuse-grise-beige-fotor-2025110621562.jpg\",\"articleSection\":[\"Non cat\u00e9goris\u00e9\"],\"inLanguage\":\"en-US\",\"potentialAction\":[{\"@type\":\"CommentAction\",\"name\":\"Comment\",\"target\":[\"https:\/\/voyagedelabaleine.fr\/en\/barboteuse-bebe-le-vetement-intemporel-qui-traverse-les-generations\/#respond\"]}]},{\"@type\":\"WebPage\",\"@id\":\"https:\/\/voyagedelabaleine.fr\/en\/barboteuse-bebe-le-vetement-intemporel-qui-traverse-les-generations\/\",\"url\":\"https:\/\/voyagedelabaleine.fr\/en\/barboteuse-bebe-le-vetement-intemporel-qui-traverse-les-generations\/\",\"name\":\"Barboteuse b\u00e9b\u00e9 : \u00e9l\u00e9gance, confort et intemporalit\u00e9\",\"isPartOf\":{\"@id\":\"https:\/\/voyagedelabaleine.fr\/en\/#website\"},\"primaryImageOfPage\":{\"@id\":\"https:\/\/voyagedelabaleine.fr\/en\/barboteuse-bebe-le-vetement-intemporel-qui-traverse-les-generations\/#primaryimage\"},\"image\":{\"@id\":\"https:\/\/voyagedelabaleine.fr\/en\/barboteuse-bebe-le-vetement-intemporel-qui-traverse-les-generations\/#primaryimage\"},\"thumbnailUrl\":\"https:\/\/voyagedelabaleine.fr\/wp-content\/uploads\/2025\/11\/barboteuse-grise-beige-fotor-2025110621562.jpg\",\"datePublished\":\"2025-11-06T21:02:38+00:00\",\"dateModified\":\"2025-11-06T21:17:00+00:00\",\"description\":\"D\u00e9couvrez la barboteuse b\u00e9b\u00e9 : un v\u00eatement intemporel, \u00e9l\u00e9gant et confortable. Mati\u00e8res naturelles, qualit\u00e9 europ\u00e9enne et style raffin\u00e9.\",\"breadcrumb\":{\"@id\":\"https:\/\/voyagedelabaleine.fr\/en\/barboteuse-bebe-le-vetement-intemporel-qui-traverse-les-generations\/#breadcrumb\"},\"inLanguage\":\"en-US\",\"potentialAction\":[{\"@type\":\"ReadAction\",\"target\":[\"https:\/\/voyagedelabaleine.fr\/en\/barboteuse-bebe-le-vetement-intemporel-qui-traverse-les-generations\/\"]}]},{\"@type\":\"ImageObject\",\"inLanguage\":\"en-US\",\"@id\":\"https:\/\/voyagedelabaleine.fr\/en\/barboteuse-bebe-le-vetement-intemporel-qui-traverse-les-generations\/#primaryimage\",\"url\":\"https:\/\/voyagedelabaleine.fr\/wp-content\/uploads\/2025\/11\/barboteuse-grise-beige-fotor-2025110621562.jpg\",\"contentUrl\":\"https:\/\/voyagedelabaleine.fr\/wp-content\/uploads\/2025\/11\/barboteuse-grise-beige-fotor-2025110621562.jpg\",\"width\":1000,\"height\":1000,\"caption\":\"Barboteuse grise b\u00e9b\u00e9 gar\u00e7on \u00e0 carreaux beige port\u00e9e par un b\u00e9b\u00e9\"},{\"@type\":\"BreadcrumbList\",\"@id\":\"https:\/\/voyagedelabaleine.fr\/en\/barboteuse-bebe-le-vetement-intemporel-qui-traverse-les-generations\/#breadcrumb\",\"itemListElement\":[{\"@type\":\"ListItem\",\"position\":1,\"name\":\"Accueil\",\"item\":\"https:\/\/voyagedelabaleine.fr\/en\/timeless-refined-clothing-babies-children\/\"},{\"@type\":\"ListItem\",\"position\":2,\"name\":\"Barboteuse b\u00e9b\u00e9 : le v\u00eatement intemporel qui traverse les g\u00e9n\u00e9rations\"}]},{\"@type\":\"WebSite\",\"@id\":\"https:\/\/voyagedelabaleine.fr\/en\/#website\",\"url\":\"https:\/\/voyagedelabaleine.fr\/en\/\",\"name\":\"Voyage de la Baleine\",\"description\":\"V\u00eatements intemporels et raffin\u00e9s pour b\u00e9b\u00e9s et enfants\",\"publisher\":{\"@id\":\"https:\/\/voyagedelabaleine.fr\/en\/#organization\"},\"potentialAction\":[{\"@type\":\"SearchAction\",\"target\":{\"@type\":\"EntryPoint\",\"urlTemplate\":\"https:\/\/voyagedelabaleine.fr\/en\/?s={search_term_string}\"},\"query-input\":{\"@type\":\"PropertyValueSpecification\",\"valueRequired\":true,\"valueName\":\"search_term_string\"}}],\"inLanguage\":\"en-US\"},{\"@type\":\"Organization\",\"@id\":\"https:\/\/voyagedelabaleine.fr\/en\/#organization\",\"name\":\"Voyage de la Baleine\",\"url\":\"https:\/\/voyagedelabaleine.fr\/en\/\",\"logo\":{\"@type\":\"ImageObject\",\"inLanguage\":\"en-US\",\"@id\":\"https:\/\/voyagedelabaleine.fr\/en\/#\/schema\/logo\/image\/\",\"url\":\"https:\/\/voyagedelabaleine.fr\/wp-content\/uploads\/2025\/06\/logo.webp\",\"contentUrl\":\"https:\/\/voyagedelabaleine.fr\/wp-content\/uploads\/2025\/06\/logo.webp\",\"width\":153,\"height\":64,\"caption\":\"Voyage de la Baleine\"},\"image\":{\"@id\":\"https:\/\/voyagedelabaleine.fr\/en\/#\/schema\/logo\/image\/\"},\"sameAs\":[\"https:\/\/www.facebook.com\/voyagedelabaleine\/\",\"https:\/\/www.instagram.com\/voyagedelabaleine\/\",\"https:\/\/www.pinterest.fr\/Voyagedelabaleine\/\"]},{\"@type\":\"Person\",\"@id\":\"https:\/\/voyagedelabaleine.fr\/en\/#\/schema\/person\/3e973e5cd2782f6657fc067a702b83f9\",\"name\":\"LeVoyagedelaBaleine\",\"image\":{\"@type\":\"ImageObject\",\"inLanguage\":\"en-US\",\"@id\":\"https:\/\/voyagedelabaleine.fr\/en\/#\/schema\/person\/image\/\",\"url\":\"https:\/\/secure.gravatar.com\/avatar\/37645d556c128973cd6db18a57028fc40b25730c9e9778c37da03c8fe0e6ab35?s=96&d=identicon&r=g\",\"contentUrl\":\"https:\/\/secure.gravatar.com\/avatar\/37645d556c128973cd6db18a57028fc40b25730c9e9778c37da03c8fe0e6ab35?s=96&d=identicon&r=g\",\"caption\":\"LeVoyagedelaBaleine\"},\"sameAs\":[\"http:\/\/petitebaleinedotfr.wordpress.com\"]}]}<\/script>\n<!-- \/ Yoast SEO plugin. -->","yoast_head_json":{"title":"Barboteuse b\u00e9b\u00e9 : \u00e9l\u00e9gance, confort et intemporalit\u00e9","description":"D\u00e9couvrez la barboteuse b\u00e9b\u00e9 : un v\u00eatement intemporel, \u00e9l\u00e9gant et confortable. Mati\u00e8res naturelles, qualit\u00e9 europ\u00e9enne et style raffin\u00e9.","robots":{"index":"index","follow":"follow","max-snippet":"max-snippet:-1","max-image-preview":"max-image-preview:large","max-video-preview":"max-video-preview:-1"},"canonical":"https:\/\/voyagedelabaleine.fr\/en\/barboteuse-bebe-le-vetement-intemporel-qui-traverse-les-generations\/","og_locale":"en_US","og_type":"article","og_title":"Barboteuse b\u00e9b\u00e9 : \u00e9l\u00e9gance, confort et intemporalit\u00e9","og_description":"D\u00e9couvrez la barboteuse b\u00e9b\u00e9 : un v\u00eatement intemporel, \u00e9l\u00e9gant et confortable. Mati\u00e8res naturelles, qualit\u00e9 europ\u00e9enne et style raffin\u00e9.","og_url":"https:\/\/voyagedelabaleine.fr\/en\/barboteuse-bebe-le-vetement-intemporel-qui-traverse-les-generations\/","og_site_name":"Voyage de la Baleine","article_publisher":"https:\/\/www.facebook.com\/voyagedelabaleine\/","article_published_time":"2025-11-06T21:02:38+00:00","article_modified_time":"2025-11-06T21:17:00+00:00","og_image":[{"width":1000,"height":1000,"url":"https:\/\/voyagedelabaleine.fr\/wp-content\/uploads\/2025\/11\/barboteuse-grise-beige-fotor-2025110621562.jpg","type":"image\/jpeg"}],"author":"LeVoyagedelaBaleine","twitter_card":"summary_large_image","twitter_misc":{"Written by":"LeVoyagedelaBaleine","Est. reading time":"5 minutes"},"schema":{"@context":"https:\/\/schema.org","@graph":[{"@type":"Article","@id":"https:\/\/voyagedelabaleine.fr\/en\/barboteuse-bebe-le-vetement-intemporel-qui-traverse-les-generations\/#article","isPartOf":{"@id":"https:\/\/voyagedelabaleine.fr\/en\/barboteuse-bebe-le-vetement-intemporel-qui-traverse-les-generations\/"},"author":{"name":"LeVoyagedelaBaleine","@id":"https:\/\/voyagedelabaleine.fr\/en\/#\/schema\/person\/3e973e5cd2782f6657fc067a702b83f9"},"headline":"Barboteuse b\u00e9b\u00e9 : le v\u00eatement intemporel qui traverse les g\u00e9n\u00e9rations","datePublished":"2025-11-06T21:02:38+00:00","dateModified":"2025-11-06T21:17:00+00:00","mainEntityOfPage":{"@id":"https:\/\/voyagedelabaleine.fr\/en\/barboteuse-bebe-le-vetement-intemporel-qui-traverse-les-generations\/"},"wordCount":836,"commentCount":0,"publisher":{"@id":"https:\/\/voyagedelabaleine.fr\/en\/#organization"},"image":{"@id":"https:\/\/voyagedelabaleine.fr\/en\/barboteuse-bebe-le-vetement-intemporel-qui-traverse-les-generations\/#primaryimage"},"thumbnailUrl":"https:\/\/voyagedelabaleine.fr\/wp-content\/uploads\/2025\/11\/barboteuse-grise-beige-fotor-2025110621562.jpg","articleSection":["Non cat\u00e9goris\u00e9"],"inLanguage":"en-US","potentialAction":[{"@type":"CommentAction","name":"Comment","target":["https:\/\/voyagedelabaleine.fr\/en\/barboteuse-bebe-le-vetement-intemporel-qui-traverse-les-generations\/#respond"]}]},{"@type":"WebPage","@id":"https:\/\/voyagedelabaleine.fr\/en\/barboteuse-bebe-le-vetement-intemporel-qui-traverse-les-generations\/","url":"https:\/\/voyagedelabaleine.fr\/en\/barboteuse-bebe-le-vetement-intemporel-qui-traverse-les-generations\/","name":"Barboteuse b\u00e9b\u00e9 : \u00e9l\u00e9gance, confort et intemporalit\u00e9","isPartOf":{"@id":"https:\/\/voyagedelabaleine.fr\/en\/#website"},"primaryImageOfPage":{"@id":"https:\/\/voyagedelabaleine.fr\/en\/barboteuse-bebe-le-vetement-intemporel-qui-traverse-les-generations\/#primaryimage"},"image":{"@id":"https:\/\/voyagedelabaleine.fr\/en\/barboteuse-bebe-le-vetement-intemporel-qui-traverse-les-generations\/#primaryimage"},"thumbnailUrl":"https:\/\/voyagedelabaleine.fr\/wp-content\/uploads\/2025\/11\/barboteuse-grise-beige-fotor-2025110621562.jpg","datePublished":"2025-11-06T21:02:38+00:00","dateModified":"2025-11-06T21:17:00+00:00","description":"D\u00e9couvrez la barboteuse b\u00e9b\u00e9 : un v\u00eatement intemporel, \u00e9l\u00e9gant et confortable. Mati\u00e8res naturelles, qualit\u00e9 europ\u00e9enne et style raffin\u00e9.","breadcrumb":{"@id":"https:\/\/voyagedelabaleine.fr\/en\/barboteuse-bebe-le-vetement-intemporel-qui-traverse-les-generations\/#breadcrumb"},"inLanguage":"en-US","potentialAction":[{"@type":"ReadAction","target":["https:\/\/voyagedelabaleine.fr\/en\/barboteuse-bebe-le-vetement-intemporel-qui-traverse-les-generations\/"]}]},{"@type":"ImageObject","inLanguage":"en-US","@id":"https:\/\/voyagedelabaleine.fr\/en\/barboteuse-bebe-le-vetement-intemporel-qui-traverse-les-generations\/#primaryimage","url":"https:\/\/voyagedelabaleine.fr\/wp-content\/uploads\/2025\/11\/barboteuse-grise-beige-fotor-2025110621562.jpg","contentUrl":"https:\/\/voyagedelabaleine.fr\/wp-content\/uploads\/2025\/11\/barboteuse-grise-beige-fotor-2025110621562.jpg","width":1000,"height":1000,"caption":"Barboteuse grise b\u00e9b\u00e9 gar\u00e7on \u00e0 carreaux beige port\u00e9e par un b\u00e9b\u00e9"},{"@type":"BreadcrumbList","@id":"https:\/\/voyagedelabaleine.fr\/en\/barboteuse-bebe-le-vetement-intemporel-qui-traverse-les-generations\/#breadcrumb","itemListElement":[{"@type":"ListItem","position":1,"name":"Accueil","item":"https:\/\/voyagedelabaleine.fr\/en\/timeless-refined-clothing-babies-children\/"},{"@type":"ListItem","position":2,"name":"Barboteuse b\u00e9b\u00e9 : le v\u00eatement intemporel qui traverse les g\u00e9n\u00e9rations"}]},{"@type":"WebSite","@id":"https:\/\/voyagedelabaleine.fr\/en\/#website","url":"https:\/\/voyagedelabaleine.fr\/en\/","name":"Voyage de la Baleine","description":"V\u00eatements intemporels et raffin\u00e9s pour b\u00e9b\u00e9s et enfants","publisher":{"@id":"https:\/\/voyagedelabaleine.fr\/en\/#organization"},"potentialAction":[{"@type":"SearchAction","target":{"@type":"EntryPoint","urlTemplate":"https:\/\/voyagedelabaleine.fr\/en\/?s={search_term_string}"},"query-input":{"@type":"PropertyValueSpecification","valueRequired":true,"valueName":"search_term_string"}}],"inLanguage":"en-US"},{"@type":"Organization","@id":"https:\/\/voyagedelabaleine.fr\/en\/#organization","name":"Voyage de la Baleine","url":"https:\/\/voyagedelabaleine.fr\/en\/","logo":{"@type":"ImageObject","inLanguage":"en-US","@id":"https:\/\/voyagedelabaleine.fr\/en\/#\/schema\/logo\/image\/","url":"https:\/\/voyagedelabaleine.fr\/wp-content\/uploads\/2025\/06\/logo.webp","contentUrl":"https:\/\/voyagedelabaleine.fr\/wp-content\/uploads\/2025\/06\/logo.webp","width":153,"height":64,"caption":"Voyage de la Baleine"},"image":{"@id":"https:\/\/voyagedelabaleine.fr\/en\/#\/schema\/logo\/image\/"},"sameAs":["https:\/\/www.facebook.com\/voyagedelabaleine\/","https:\/\/www.instagram.com\/voyagedelabaleine\/","https:\/\/www.pinterest.fr\/Voyagedelabaleine\/"]},{"@type":"Person","@id":"https:\/\/voyagedelabaleine.fr\/en\/#\/schema\/person\/3e973e5cd2782f6657fc067a702b83f9","name":"LeVoyagedelaBaleine","image":{"@type":"ImageObject","inLanguage":"en-US","@id":"https:\/\/voyagedelabaleine.fr\/en\/#\/schema\/person\/image\/","url":"https:\/\/secure.gravatar.com\/avatar\/37645d556c128973cd6db18a57028fc40b25730c9e9778c37da03c8fe0e6ab35?s=96&d=identicon&r=g","contentUrl":"https:\/\/secure.gravatar.com\/avatar\/37645d556c128973cd6db18a57028fc40b25730c9e9778c37da03c8fe0e6ab35?s=96&d=identicon&r=g","caption":"LeVoyagedelaBaleine"},"sameAs":["http:\/\/petitebaleinedotfr.wordpress.com"]}]}},"_links":{"self":[{"href":"https:\/\/voyagedelabaleine.fr\/en\/wp-json\/wp\/v2\/posts\/22509","targetHints":{"allow":["GET"]}}],"collection":[{"href":"https:\/\/voyagedelabaleine.fr\/en\/wp-json\/wp\/v2\/posts"}],"about":[{"href":"https:\/\/voyagedelabaleine.fr\/en\/wp-json\/wp\/v2\/types\/post"}],"author":[{"embeddable":true,"href":"https:\/\/voyagedelabaleine.fr\/en\/wp-json\/wp\/v2\/users\/222595022"}],"replies":[{"embeddable":true,"href":"https:\/\/voyagedelabaleine.fr\/en\/wp-json\/wp\/v2\/comments?post=22509"}],"version-history":[{"count":3,"href":"https:\/\/voyagedelabaleine.fr\/en\/wp-json\/wp\/v2\/posts\/22509\/revisions"}],"predecessor-version":[{"id":22530,"href":"https:\/\/voyagedelabaleine.fr\/en\/wp-json\/wp\/v2\/posts\/22509\/revisions\/22530"}],"wp:featuredmedia":[{"embeddable":true,"href":"https:\/\/voyagedelabaleine.fr\/en\/wp-json\/wp\/v2\/media\/22514"}],"wp:attachment":[{"href":"https:\/\/voyagedelabaleine.fr\/en\/wp-json\/wp\/v2\/media?parent=22509"}],"wp:term":[{"taxonomy":"category","embeddable":true,"href":"https:\/\/voyagedelabaleine.fr\/en\/wp-json\/wp\/v2\/categories?post=22509"},{"taxonomy":"post_tag","embeddable":true,"href":"https:\/\/voyagedelabaleine.fr\/en\/wp-json\/wp\/v2\/tags?post=22509"}],"curies":[{"name":"wp","href":"https:\/\/api.w.org\/{rel}","templated":true}]}}