{"id":6875,"count":102,"description":"<h2><strong>Pololo, short y pantal\u00f3n para beb\u00e9: elegancia y comodidad todo el a\u00f1o<\/strong><\/h2> Nuestra colecci\u00f3n de <strong>pololos, shorts y pantalones para beb\u00e9 y ni\u00f1o<\/strong> refleja un equilibrio perfecto entre estilo refinado y comodidad \u00f3ptima. Dise\u00f1adas para acompa\u00f1ar a los m\u00e1s peque\u00f1os en cada etapa de sus aventuras, estas prendas se adaptan a todas las estaciones, garantizando un look cuidado en cualquier ocasi\u00f3n. <h2><strong>Pololo: una prenda imprescindible en verano e invierno<\/strong><\/h2> El pololo es una prenda esencial en el armario del beb\u00e9, tanto para ni\u00f1as como para ni\u00f1os. En verano se lleva con las piernas al aire, permitiendo que el beb\u00e9 disfrute de la frescura con estilo. En primavera y oto\u00f1o, se combina a la perfecci\u00f3n con calcetines altos para un look retro chic. Y en invierno, junto con medias de lana o algod\u00f3n, el pololo se convierte en la prenda estrella de la temporada, manteniendo al beb\u00e9 abrigado sin perder elegancia. Para las ni\u00f1as, el pololo tambi\u00e9n se puede llevar debajo de un vestido, a\u00f1adiendo un toque pr\u00e1ctico y delicado al conjunto. \u00bfEl must del estilo chic? El vestido con pololo a juego debajo: la combinaci\u00f3n perfecta para un look impecable. <h2><strong>Short y pantal\u00f3n para beb\u00e9 y ni\u00f1o: libertad de movimiento<\/strong><\/h2> Nuestros shorts son ideales para los d\u00edas calurosos o de media estaci\u00f3n, ofreciendo total libertad para moverse, explorar y correr. Los pantalones, en cambio, est\u00e1n dise\u00f1ados para los m\u00e1s grandes, garantizando comodidad \u00f3ptima sin descuidar el estilo. Los tejidos suaves y naturales que elegimos, como el algod\u00f3n de alta calidad, aseguran un bienestar duradero, mientras que los cortes cl\u00e1sicos permiten una libertad de movimiento ideal. <h2><strong>Para un estilo atemporal y chic<\/strong><\/h2> En esta categor\u00eda, cada prenda est\u00e1 pensada para ofrecer lo mejor de ambos mundos: una apariencia sofisticada y un confort inigualable. Ya elijas un pololo, un short o un pantal\u00f3n para beb\u00e9 o ni\u00f1o, puedes estar seguro de que tu hijo estar\u00e1 vestido con buen gusto, conservando la libertad de movimiento. \u00a1Una elecci\u00f3n perfecta para todas las estaciones y ocasiones!","link":"https:\/\/voyagedelabaleine.fr\/es\/categoria-producto\/bebe\/ropa-chic-bebe\/pololo-short-y-pantalon-bebe\/","name":"Pololo, short y pantal\u00f3n para beb\u00e9","slug":"pololo-short-y-pantalon-bebe","taxonomy":"product_cat","parent":6871,"meta":[],"menu_order":0,"yoast_head":"<!-- This site is optimized with the Yoast SEO plugin v27.1.1 - https:\/\/yoast.com\/product\/yoast-seo-wordpress\/ -->\n<title>Pololo, short y pantal\u00f3n para beb\u00e9 - Voyage de la Baleine<\/title>\n<meta name=\"robots\" content=\"index, follow, max-snippet:-1, max-image-preview:large, max-video-preview:-1\" \/>\n<link rel=\"canonical\" href=\"https:\/\/voyagedelabaleine.fr\/es\/categoria-producto\/bebe\/ropa-chic-bebe\/pololo-short-y-pantalon-bebe\/\" \/>\n<meta property=\"og:locale\" content=\"es_ES\" \/>\n<meta property=\"og:type\" content=\"article\" \/>\n<meta property=\"og:title\" content=\"Pololo, short y pantal\u00f3n para beb\u00e9 - Voyage de la Baleine\" \/>\n<meta property=\"og:description\" content=\"Pololo, short y pantal\u00f3n para beb\u00e9: elegancia y comodidad todo el a\u00f1o Nuestra colecci\u00f3n de pololos, shorts y pantalones para beb\u00e9 y ni\u00f1o refleja un equilibrio perfecto entre estilo refinado y comodidad \u00f3ptima. Dise\u00f1adas para acompa\u00f1ar a los m\u00e1s peque\u00f1os en cada etapa de sus aventuras, estas prendas se adaptan a todas las estaciones, garantizando un look cuidado en cualquier ocasi\u00f3n. Pololo: una prenda imprescindible en verano e invierno El pololo es una prenda esencial en el armario del beb\u00e9, tanto para ni\u00f1as como para ni\u00f1os. En verano se lleva con las piernas al aire, permitiendo que el beb\u00e9 disfrute de la frescura con estilo. En primavera y oto\u00f1o, se combina a la perfecci\u00f3n con calcetines altos para un look retro chic. Y en invierno, junto con medias de lana o algod\u00f3n, el pololo se convierte en la prenda estrella de la temporada, manteniendo al beb\u00e9 abrigado sin perder elegancia. Para las ni\u00f1as, el pololo tambi\u00e9n se puede llevar debajo de un vestido, a\u00f1adiendo un toque pr\u00e1ctico y delicado al conjunto. \u00bfEl must del estilo chic? El vestido con pololo a juego debajo: la combinaci\u00f3n perfecta para un look impecable. Short y pantal\u00f3n para beb\u00e9 y ni\u00f1o: libertad de movimiento Nuestros shorts son ideales para los d\u00edas calurosos o de media estaci\u00f3n, ofreciendo total libertad para moverse, explorar y correr. Los pantalones, en cambio, est\u00e1n dise\u00f1ados para los m\u00e1s grandes, garantizando comodidad \u00f3ptima sin descuidar el estilo. Los tejidos suaves y naturales que elegimos, como el algod\u00f3n de alta calidad, aseguran un bienestar duradero, mientras que los cortes cl\u00e1sicos permiten una libertad de movimiento ideal. Para un estilo atemporal y chic En esta categor\u00eda, cada prenda est\u00e1 pensada para ofrecer lo mejor de ambos mundos: una apariencia sofisticada y un confort inigualable. Ya elijas un pololo, un short o un pantal\u00f3n para beb\u00e9 o ni\u00f1o, puedes estar seguro de que tu hijo estar\u00e1 vestido con buen gusto, conservando la libertad de movimiento. \u00a1Una elecci\u00f3n perfecta para todas las estaciones y ocasiones!\" \/>\n<meta property=\"og:url\" content=\"https:\/\/voyagedelabaleine.fr\/es\/categoria-producto\/bebe\/ropa-chic-bebe\/pololo-short-y-pantalon-bebe\/\" \/>\n<meta property=\"og:site_name\" content=\"Voyage de la Baleine\" \/>\n<meta name=\"twitter:card\" content=\"summary_large_image\" \/>\n<script type=\"application\/ld+json\" class=\"yoast-schema-graph\">{\"@context\":\"https:\/\/schema.org\",\"@graph\":[{\"@type\":\"CollectionPage\",\"@id\":\"https:\/\/voyagedelabaleine.fr\/es\/categoria-producto\/bebe\/ropa-chic-bebe\/pololo-short-y-pantalon-bebe\/\",\"url\":\"https:\/\/voyagedelabaleine.fr\/es\/categoria-producto\/bebe\/ropa-chic-bebe\/pololo-short-y-pantalon-bebe\/\",\"name\":\"Pololo, short y pantal\u00f3n para beb\u00e9 - Voyage de la Baleine\",\"isPartOf\":{\"@id\":\"https:\/\/voyagedelabaleine.fr\/es\/#website\"},\"breadcrumb\":{\"@id\":\"https:\/\/voyagedelabaleine.fr\/es\/categoria-producto\/bebe\/ropa-chic-bebe\/pololo-short-y-pantalon-bebe\/#breadcrumb\"},\"inLanguage\":\"es\"},{\"@type\":\"BreadcrumbList\",\"@id\":\"https:\/\/voyagedelabaleine.fr\/es\/categoria-producto\/bebe\/ropa-chic-bebe\/pololo-short-y-pantalon-bebe\/#breadcrumb\",\"itemListElement\":[{\"@type\":\"ListItem\",\"position\":1,\"name\":\"Accueil\",\"item\":\"https:\/\/voyagedelabaleine.fr\/es\/inicio\/\"},{\"@type\":\"ListItem\",\"position\":2,\"name\":\"Pololo, short y pantal\u00f3n para beb\u00e9\"}]},{\"@type\":\"WebSite\",\"@id\":\"https:\/\/voyagedelabaleine.fr\/es\/#website\",\"url\":\"https:\/\/voyagedelabaleine.fr\/es\/\",\"name\":\"Voyage de la Baleine\",\"description\":\"V\u00eatements intemporels et raffin\u00e9s pour b\u00e9b\u00e9s et enfants\",\"publisher\":{\"@id\":\"https:\/\/voyagedelabaleine.fr\/es\/#organization\"},\"potentialAction\":[{\"@type\":\"SearchAction\",\"target\":{\"@type\":\"EntryPoint\",\"urlTemplate\":\"https:\/\/voyagedelabaleine.fr\/es\/?s={search_term_string}\"},\"query-input\":{\"@type\":\"PropertyValueSpecification\",\"valueRequired\":true,\"valueName\":\"search_term_string\"}}],\"inLanguage\":\"es\"},{\"@type\":\"Organization\",\"@id\":\"https:\/\/voyagedelabaleine.fr\/es\/#organization\",\"name\":\"Voyage de la Baleine\",\"url\":\"https:\/\/voyagedelabaleine.fr\/es\/\",\"logo\":{\"@type\":\"ImageObject\",\"inLanguage\":\"es\",\"@id\":\"https:\/\/voyagedelabaleine.fr\/es\/#\/schema\/logo\/image\/\",\"url\":\"https:\/\/voyagedelabaleine.fr\/wp-content\/uploads\/2025\/06\/logo.webp\",\"contentUrl\":\"https:\/\/voyagedelabaleine.fr\/wp-content\/uploads\/2025\/06\/logo.webp\",\"width\":153,\"height\":64,\"caption\":\"Voyage de la Baleine\"},\"image\":{\"@id\":\"https:\/\/voyagedelabaleine.fr\/es\/#\/schema\/logo\/image\/\"},\"sameAs\":[\"https:\/\/www.facebook.com\/voyagedelabaleine\/\",\"https:\/\/www.instagram.com\/voyagedelabaleine\/\",\"https:\/\/www.pinterest.fr\/Voyagedelabaleine\/\"]}]}<\/script>\n<!-- \/ Yoast SEO plugin. -->","yoast_head_json":{"title":"Pololo, short y pantal\u00f3n para beb\u00e9 - Voyage de la Baleine","robots":{"index":"index","follow":"follow","max-snippet":"max-snippet:-1","max-image-preview":"max-image-preview:large","max-video-preview":"max-video-preview:-1"},"canonical":"https:\/\/voyagedelabaleine.fr\/es\/categoria-producto\/bebe\/ropa-chic-bebe\/pololo-short-y-pantalon-bebe\/","og_locale":"es_ES","og_type":"article","og_title":"Pololo, short y pantal\u00f3n para beb\u00e9 - Voyage de la Baleine","og_description":"Pololo, short y pantal\u00f3n para beb\u00e9: elegancia y comodidad todo el a\u00f1o Nuestra colecci\u00f3n de pololos, shorts y pantalones para beb\u00e9 y ni\u00f1o refleja un equilibrio perfecto entre estilo refinado y comodidad \u00f3ptima. Dise\u00f1adas para acompa\u00f1ar a los m\u00e1s peque\u00f1os en cada etapa de sus aventuras, estas prendas se adaptan a todas las estaciones, garantizando un look cuidado en cualquier ocasi\u00f3n. Pololo: una prenda imprescindible en verano e invierno El pololo es una prenda esencial en el armario del beb\u00e9, tanto para ni\u00f1as como para ni\u00f1os. En verano se lleva con las piernas al aire, permitiendo que el beb\u00e9 disfrute de la frescura con estilo. En primavera y oto\u00f1o, se combina a la perfecci\u00f3n con calcetines altos para un look retro chic. Y en invierno, junto con medias de lana o algod\u00f3n, el pololo se convierte en la prenda estrella de la temporada, manteniendo al beb\u00e9 abrigado sin perder elegancia. Para las ni\u00f1as, el pololo tambi\u00e9n se puede llevar debajo de un vestido, a\u00f1adiendo un toque pr\u00e1ctico y delicado al conjunto. \u00bfEl must del estilo chic? El vestido con pololo a juego debajo: la combinaci\u00f3n perfecta para un look impecable. Short y pantal\u00f3n para beb\u00e9 y ni\u00f1o: libertad de movimiento Nuestros shorts son ideales para los d\u00edas calurosos o de media estaci\u00f3n, ofreciendo total libertad para moverse, explorar y correr. Los pantalones, en cambio, est\u00e1n dise\u00f1ados para los m\u00e1s grandes, garantizando comodidad \u00f3ptima sin descuidar el estilo. Los tejidos suaves y naturales que elegimos, como el algod\u00f3n de alta calidad, aseguran un bienestar duradero, mientras que los cortes cl\u00e1sicos permiten una libertad de movimiento ideal. Para un estilo atemporal y chic En esta categor\u00eda, cada prenda est\u00e1 pensada para ofrecer lo mejor de ambos mundos: una apariencia sofisticada y un confort inigualable. Ya elijas un pololo, un short o un pantal\u00f3n para beb\u00e9 o ni\u00f1o, puedes estar seguro de que tu hijo estar\u00e1 vestido con buen gusto, conservando la libertad de movimiento. \u00a1Una elecci\u00f3n perfecta para todas las estaciones y ocasiones!","og_url":"https:\/\/voyagedelabaleine.fr\/es\/categoria-producto\/bebe\/ropa-chic-bebe\/pololo-short-y-pantalon-bebe\/","og_site_name":"Voyage de la Baleine","twitter_card":"summary_large_image","schema":{"@context":"https:\/\/schema.org","@graph":[{"@type":"CollectionPage","@id":"https:\/\/voyagedelabaleine.fr\/es\/categoria-producto\/bebe\/ropa-chic-bebe\/pololo-short-y-pantalon-bebe\/","url":"https:\/\/voyagedelabaleine.fr\/es\/categoria-producto\/bebe\/ropa-chic-bebe\/pololo-short-y-pantalon-bebe\/","name":"Pololo, short y pantal\u00f3n para beb\u00e9 - Voyage de la Baleine","isPartOf":{"@id":"https:\/\/voyagedelabaleine.fr\/es\/#website"},"breadcrumb":{"@id":"https:\/\/voyagedelabaleine.fr\/es\/categoria-producto\/bebe\/ropa-chic-bebe\/pololo-short-y-pantalon-bebe\/#breadcrumb"},"inLanguage":"es"},{"@type":"BreadcrumbList","@id":"https:\/\/voyagedelabaleine.fr\/es\/categoria-producto\/bebe\/ropa-chic-bebe\/pololo-short-y-pantalon-bebe\/#breadcrumb","itemListElement":[{"@type":"ListItem","position":1,"name":"Accueil","item":"https:\/\/voyagedelabaleine.fr\/es\/inicio\/"},{"@type":"ListItem","position":2,"name":"Pololo, short y pantal\u00f3n para beb\u00e9"}]},{"@type":"WebSite","@id":"https:\/\/voyagedelabaleine.fr\/es\/#website","url":"https:\/\/voyagedelabaleine.fr\/es\/","name":"Voyage de la Baleine","description":"V\u00eatements intemporels et raffin\u00e9s pour b\u00e9b\u00e9s et enfants","publisher":{"@id":"https:\/\/voyagedelabaleine.fr\/es\/#organization"},"potentialAction":[{"@type":"SearchAction","target":{"@type":"EntryPoint","urlTemplate":"https:\/\/voyagedelabaleine.fr\/es\/?s={search_term_string}"},"query-input":{"@type":"PropertyValueSpecification","valueRequired":true,"valueName":"search_term_string"}}],"inLanguage":"es"},{"@type":"Organization","@id":"https:\/\/voyagedelabaleine.fr\/es\/#organization","name":"Voyage de la Baleine","url":"https:\/\/voyagedelabaleine.fr\/es\/","logo":{"@type":"ImageObject","inLanguage":"es","@id":"https:\/\/voyagedelabaleine.fr\/es\/#\/schema\/logo\/image\/","url":"https:\/\/voyagedelabaleine.fr\/wp-content\/uploads\/2025\/06\/logo.webp","contentUrl":"https:\/\/voyagedelabaleine.fr\/wp-content\/uploads\/2025\/06\/logo.webp","width":153,"height":64,"caption":"Voyage de la Baleine"},"image":{"@id":"https:\/\/voyagedelabaleine.fr\/es\/#\/schema\/logo\/image\/"},"sameAs":["https:\/\/www.facebook.com\/voyagedelabaleine\/","https:\/\/www.instagram.com\/voyagedelabaleine\/","https:\/\/www.pinterest.fr\/Voyagedelabaleine\/"]}]}},"_links":{"self":[{"href":"https:\/\/voyagedelabaleine.fr\/es\/wp-json\/wp\/v2\/product_cat\/6875","targetHints":{"allow":["GET"]}}],"collection":[{"href":"https:\/\/voyagedelabaleine.fr\/es\/wp-json\/wp\/v2\/product_cat"}],"about":[{"href":"https:\/\/voyagedelabaleine.fr\/es\/wp-json\/wp\/v2\/taxonomies\/product_cat"}],"up":[{"embeddable":true,"href":"https:\/\/voyagedelabaleine.fr\/es\/wp-json\/wp\/v2\/product_cat\/6871"}],"wp:post_type":[{"href":"https:\/\/voyagedelabaleine.fr\/es\/wp-json\/wp\/v2\/product?product_cat=6875"}],"curies":[{"name":"wp","href":"https:\/\/api.w.org\/{rel}","templated":true}]}}