{"id":7013,"count":54,"description":"<h2><strong>Pelele de nacimiento: la elegancia atemporal para los m\u00e1s peque\u00f1os<\/strong><\/h2> <p>El <strong>pelele de nacimiento<\/strong> es una prenda imprescindible en el vestuario de los reci\u00e9n nacidos. A medio camino entre el <strong>body<\/strong> y el <strong>peto<\/strong>, destaca por su estilo refinado y su comodidad inigualable. Ideal para vestir al beb\u00e9 con elegancia desde los primeros d\u00edas, el <strong>pelele para beb\u00e9<\/strong> es la elecci\u00f3n perfecta para los padres que valoran la est\u00e9tica y el bienestar de su hijo.<\/p> <h3><strong>\u00bfPor qu\u00e9 elegir un pelele para reci\u00e9n nacido?<\/strong><\/h3> <p>El <strong>pelele de nacimiento<\/strong> ofrece m\u00faltiples ventajas:<\/p> <ol> <li><strong>Una prenda pr\u00e1ctica y c\u00f3moda<\/strong>: amplia y ligera, permite al beb\u00e9 moverse libremente.<\/li> <li><strong>F\u00e1cil de poner<\/strong>: gracias a los <strong>botones a presi\u00f3n en la entrepierna<\/strong>, facilita el cambio de pa\u00f1al.<\/li> <li><strong>Un conjunto elegante para cualquier ocasi\u00f3n<\/strong>: ideal para ceremonias, salidas o d\u00edas en familia.<\/li> <li><strong>Prenda unisex<\/strong>: disponible tanto en versi\u00f3n <a href=\"https:\/\/voyagedelabaleine.fr\/categorie-produit\/bebe\/bebe-fille\/barboteuses-salopettes-bebe-fille\/\"><strong>pelele de nacimiento ni\u00f1a<\/strong><\/a> como <a href=\"https:\/\/voyagedelabaleine.fr\/categorie-produit\/naissance\/naissance-garcon\/barboteuses-salopettes-naissance-garcon\/\"><strong>pelele de nacimiento ni\u00f1o<\/strong><\/a>.<\/li> <\/ol> <h4><strong>\u00bfQu\u00e9 modelos de peleles elegir?<\/strong><\/h4> <p>Existen varios estilos de <strong>peleles para beb\u00e9<\/strong>:<\/p> <ol> <li><strong>Pelele con cuello Claudine<\/strong>: perfecto para un look chic y elegante.<\/li> <li><strong>Pelele de algod\u00f3n ligero<\/strong>: ideal para el verano.<\/li> <li><strong>Pelele de terciopelo o punto<\/strong>: para un estilo retro y c\u00e1lido en invierno.<\/li> <li><strong>Pelele con frunces o bordados<\/strong>: para un toque refinado y tradicional.<\/li> <\/ol> <h4><strong>C\u00f3mo cuidar un pelele para beb\u00e9<\/strong><\/h4> <ol> <li><strong>Lavar a 30\u00b0C<\/strong> para preservar la calidad del tejido.<\/li> <li><strong>Evitar la secadora<\/strong>, que puede da\u00f1ar las fibras.<\/li> <li><strong>Planchar a baja temperatura<\/strong> para mantener un aspecto impecable.<\/li> <\/ol> <h2><strong>Nuestra colecci\u00f3n de peleles de nacimiento<\/strong><\/h2> <p>En <em>Voyage de la Baleine<\/em> seleccionamos <strong>peleles fabricados en Europa<\/strong> por su calidad y estilo atemporal. Descubre nuestros modelos refinados y ofrece a tu beb\u00e9 una prenda pr\u00e1ctica y elegante.<\/p>","link":"https:\/\/voyagedelabaleine.fr\/es\/categoria-producto\/nacimiento\/ropa-recien-nacido\/pelele-peto-ranita-nacimiento\/","name":"Pelele, peto y ranita de nacimiento","slug":"pelele-peto-ranita-nacimiento","taxonomy":"product_cat","parent":7025,"meta":[],"menu_order":0,"yoast_head":"<!-- This site is optimized with the Yoast SEO plugin v27.1.1 - https:\/\/yoast.com\/product\/yoast-seo-wordpress\/ -->\n<title>Pelele, peto y ranita de nacimiento - Voyage de la Baleine<\/title>\n<meta name=\"robots\" content=\"index, follow, max-snippet:-1, max-image-preview:large, max-video-preview:-1\" \/>\n<link rel=\"canonical\" href=\"https:\/\/voyagedelabaleine.fr\/es\/categoria-producto\/nacimiento\/ropa-recien-nacido\/pelele-peto-ranita-nacimiento\/\" \/>\n<meta property=\"og:locale\" content=\"es_ES\" \/>\n<meta property=\"og:type\" content=\"article\" \/>\n<meta property=\"og:title\" content=\"Pelele, peto y ranita de nacimiento - Voyage de la Baleine\" \/>\n<meta property=\"og:description\" content=\"Pelele de nacimiento: la elegancia atemporal para los m\u00e1s peque\u00f1os El pelele de nacimiento es una prenda imprescindible en el vestuario de los reci\u00e9n nacidos. A medio camino entre el body y el peto, destaca por su estilo refinado y su comodidad inigualable. Ideal para vestir al beb\u00e9 con elegancia desde los primeros d\u00edas, el pelele para beb\u00e9 es la elecci\u00f3n perfecta para los padres que valoran la est\u00e9tica y el bienestar de su hijo. \u00bfPor qu\u00e9 elegir un pelele para reci\u00e9n nacido? El pelele de nacimiento ofrece m\u00faltiples ventajas: Una prenda pr\u00e1ctica y c\u00f3moda: amplia y ligera, permite al beb\u00e9 moverse libremente. F\u00e1cil de poner: gracias a los botones a presi\u00f3n en la entrepierna, facilita el cambio de pa\u00f1al. Un conjunto elegante para cualquier ocasi\u00f3n: ideal para ceremonias, salidas o d\u00edas en familia. Prenda unisex: disponible tanto en versi\u00f3n pelele de nacimiento ni\u00f1a como pelele de nacimiento ni\u00f1o. \u00bfQu\u00e9 modelos de peleles elegir? Existen varios estilos de peleles para beb\u00e9: Pelele con cuello Claudine: perfecto para un look chic y elegante. Pelele de algod\u00f3n ligero: ideal para el verano. Pelele de terciopelo o punto: para un estilo retro y c\u00e1lido en invierno. Pelele con frunces o bordados: para un toque refinado y tradicional. C\u00f3mo cuidar un pelele para beb\u00e9 Lavar a 30\u00b0C para preservar la calidad del tejido. Evitar la secadora, que puede da\u00f1ar las fibras. Planchar a baja temperatura para mantener un aspecto impecable. Nuestra colecci\u00f3n de peleles de nacimiento En Voyage de la Baleine seleccionamos peleles fabricados en Europa por su calidad y estilo atemporal. Descubre nuestros modelos refinados y ofrece a tu beb\u00e9 una prenda pr\u00e1ctica y elegante.\" \/>\n<meta property=\"og:url\" content=\"https:\/\/voyagedelabaleine.fr\/es\/categoria-producto\/nacimiento\/ropa-recien-nacido\/pelele-peto-ranita-nacimiento\/\" \/>\n<meta property=\"og:site_name\" content=\"Voyage de la Baleine\" \/>\n<meta name=\"twitter:card\" content=\"summary_large_image\" \/>\n<script type=\"application\/ld+json\" class=\"yoast-schema-graph\">{\"@context\":\"https:\/\/schema.org\",\"@graph\":[{\"@type\":\"CollectionPage\",\"@id\":\"https:\/\/voyagedelabaleine.fr\/es\/categoria-producto\/nacimiento\/ropa-recien-nacido\/pelele-peto-ranita-nacimiento\/\",\"url\":\"https:\/\/voyagedelabaleine.fr\/es\/categoria-producto\/nacimiento\/ropa-recien-nacido\/pelele-peto-ranita-nacimiento\/\",\"name\":\"Pelele, peto y ranita de nacimiento - Voyage de la Baleine\",\"isPartOf\":{\"@id\":\"https:\/\/voyagedelabaleine.fr\/es\/#website\"},\"breadcrumb\":{\"@id\":\"https:\/\/voyagedelabaleine.fr\/es\/categoria-producto\/nacimiento\/ropa-recien-nacido\/pelele-peto-ranita-nacimiento\/#breadcrumb\"},\"inLanguage\":\"es\"},{\"@type\":\"BreadcrumbList\",\"@id\":\"https:\/\/voyagedelabaleine.fr\/es\/categoria-producto\/nacimiento\/ropa-recien-nacido\/pelele-peto-ranita-nacimiento\/#breadcrumb\",\"itemListElement\":[{\"@type\":\"ListItem\",\"position\":1,\"name\":\"Accueil\",\"item\":\"https:\/\/voyagedelabaleine.fr\/es\/inicio\/\"},{\"@type\":\"ListItem\",\"position\":2,\"name\":\"Pelele, peto y ranita de nacimiento\"}]},{\"@type\":\"WebSite\",\"@id\":\"https:\/\/voyagedelabaleine.fr\/es\/#website\",\"url\":\"https:\/\/voyagedelabaleine.fr\/es\/\",\"name\":\"Voyage de la Baleine\",\"description\":\"V\u00eatements intemporels et raffin\u00e9s pour b\u00e9b\u00e9s et enfants\",\"publisher\":{\"@id\":\"https:\/\/voyagedelabaleine.fr\/es\/#organization\"},\"potentialAction\":[{\"@type\":\"SearchAction\",\"target\":{\"@type\":\"EntryPoint\",\"urlTemplate\":\"https:\/\/voyagedelabaleine.fr\/es\/?s={search_term_string}\"},\"query-input\":{\"@type\":\"PropertyValueSpecification\",\"valueRequired\":true,\"valueName\":\"search_term_string\"}}],\"inLanguage\":\"es\"},{\"@type\":\"Organization\",\"@id\":\"https:\/\/voyagedelabaleine.fr\/es\/#organization\",\"name\":\"Voyage de la Baleine\",\"url\":\"https:\/\/voyagedelabaleine.fr\/es\/\",\"logo\":{\"@type\":\"ImageObject\",\"inLanguage\":\"es\",\"@id\":\"https:\/\/voyagedelabaleine.fr\/es\/#\/schema\/logo\/image\/\",\"url\":\"https:\/\/voyagedelabaleine.fr\/wp-content\/uploads\/2025\/06\/logo.webp\",\"contentUrl\":\"https:\/\/voyagedelabaleine.fr\/wp-content\/uploads\/2025\/06\/logo.webp\",\"width\":153,\"height\":64,\"caption\":\"Voyage de la Baleine\"},\"image\":{\"@id\":\"https:\/\/voyagedelabaleine.fr\/es\/#\/schema\/logo\/image\/\"},\"sameAs\":[\"https:\/\/www.facebook.com\/voyagedelabaleine\/\",\"https:\/\/www.instagram.com\/voyagedelabaleine\/\",\"https:\/\/www.pinterest.fr\/Voyagedelabaleine\/\"]}]}<\/script>\n<!-- \/ Yoast SEO plugin. -->","yoast_head_json":{"title":"Pelele, peto y ranita de nacimiento - Voyage de la Baleine","robots":{"index":"index","follow":"follow","max-snippet":"max-snippet:-1","max-image-preview":"max-image-preview:large","max-video-preview":"max-video-preview:-1"},"canonical":"https:\/\/voyagedelabaleine.fr\/es\/categoria-producto\/nacimiento\/ropa-recien-nacido\/pelele-peto-ranita-nacimiento\/","og_locale":"es_ES","og_type":"article","og_title":"Pelele, peto y ranita de nacimiento - Voyage de la Baleine","og_description":"Pelele de nacimiento: la elegancia atemporal para los m\u00e1s peque\u00f1os El pelele de nacimiento es una prenda imprescindible en el vestuario de los reci\u00e9n nacidos. A medio camino entre el body y el peto, destaca por su estilo refinado y su comodidad inigualable. Ideal para vestir al beb\u00e9 con elegancia desde los primeros d\u00edas, el pelele para beb\u00e9 es la elecci\u00f3n perfecta para los padres que valoran la est\u00e9tica y el bienestar de su hijo. \u00bfPor qu\u00e9 elegir un pelele para reci\u00e9n nacido? El pelele de nacimiento ofrece m\u00faltiples ventajas: Una prenda pr\u00e1ctica y c\u00f3moda: amplia y ligera, permite al beb\u00e9 moverse libremente. F\u00e1cil de poner: gracias a los botones a presi\u00f3n en la entrepierna, facilita el cambio de pa\u00f1al. Un conjunto elegante para cualquier ocasi\u00f3n: ideal para ceremonias, salidas o d\u00edas en familia. Prenda unisex: disponible tanto en versi\u00f3n pelele de nacimiento ni\u00f1a como pelele de nacimiento ni\u00f1o. \u00bfQu\u00e9 modelos de peleles elegir? Existen varios estilos de peleles para beb\u00e9: Pelele con cuello Claudine: perfecto para un look chic y elegante. Pelele de algod\u00f3n ligero: ideal para el verano. Pelele de terciopelo o punto: para un estilo retro y c\u00e1lido en invierno. Pelele con frunces o bordados: para un toque refinado y tradicional. C\u00f3mo cuidar un pelele para beb\u00e9 Lavar a 30\u00b0C para preservar la calidad del tejido. Evitar la secadora, que puede da\u00f1ar las fibras. Planchar a baja temperatura para mantener un aspecto impecable. Nuestra colecci\u00f3n de peleles de nacimiento En Voyage de la Baleine seleccionamos peleles fabricados en Europa por su calidad y estilo atemporal. Descubre nuestros modelos refinados y ofrece a tu beb\u00e9 una prenda pr\u00e1ctica y elegante.","og_url":"https:\/\/voyagedelabaleine.fr\/es\/categoria-producto\/nacimiento\/ropa-recien-nacido\/pelele-peto-ranita-nacimiento\/","og_site_name":"Voyage de la Baleine","twitter_card":"summary_large_image","schema":{"@context":"https:\/\/schema.org","@graph":[{"@type":"CollectionPage","@id":"https:\/\/voyagedelabaleine.fr\/es\/categoria-producto\/nacimiento\/ropa-recien-nacido\/pelele-peto-ranita-nacimiento\/","url":"https:\/\/voyagedelabaleine.fr\/es\/categoria-producto\/nacimiento\/ropa-recien-nacido\/pelele-peto-ranita-nacimiento\/","name":"Pelele, peto y ranita de nacimiento - Voyage de la Baleine","isPartOf":{"@id":"https:\/\/voyagedelabaleine.fr\/es\/#website"},"breadcrumb":{"@id":"https:\/\/voyagedelabaleine.fr\/es\/categoria-producto\/nacimiento\/ropa-recien-nacido\/pelele-peto-ranita-nacimiento\/#breadcrumb"},"inLanguage":"es"},{"@type":"BreadcrumbList","@id":"https:\/\/voyagedelabaleine.fr\/es\/categoria-producto\/nacimiento\/ropa-recien-nacido\/pelele-peto-ranita-nacimiento\/#breadcrumb","itemListElement":[{"@type":"ListItem","position":1,"name":"Accueil","item":"https:\/\/voyagedelabaleine.fr\/es\/inicio\/"},{"@type":"ListItem","position":2,"name":"Pelele, peto y ranita de nacimiento"}]},{"@type":"WebSite","@id":"https:\/\/voyagedelabaleine.fr\/es\/#website","url":"https:\/\/voyagedelabaleine.fr\/es\/","name":"Voyage de la Baleine","description":"V\u00eatements intemporels et raffin\u00e9s pour b\u00e9b\u00e9s et enfants","publisher":{"@id":"https:\/\/voyagedelabaleine.fr\/es\/#organization"},"potentialAction":[{"@type":"SearchAction","target":{"@type":"EntryPoint","urlTemplate":"https:\/\/voyagedelabaleine.fr\/es\/?s={search_term_string}"},"query-input":{"@type":"PropertyValueSpecification","valueRequired":true,"valueName":"search_term_string"}}],"inLanguage":"es"},{"@type":"Organization","@id":"https:\/\/voyagedelabaleine.fr\/es\/#organization","name":"Voyage de la Baleine","url":"https:\/\/voyagedelabaleine.fr\/es\/","logo":{"@type":"ImageObject","inLanguage":"es","@id":"https:\/\/voyagedelabaleine.fr\/es\/#\/schema\/logo\/image\/","url":"https:\/\/voyagedelabaleine.fr\/wp-content\/uploads\/2025\/06\/logo.webp","contentUrl":"https:\/\/voyagedelabaleine.fr\/wp-content\/uploads\/2025\/06\/logo.webp","width":153,"height":64,"caption":"Voyage de la Baleine"},"image":{"@id":"https:\/\/voyagedelabaleine.fr\/es\/#\/schema\/logo\/image\/"},"sameAs":["https:\/\/www.facebook.com\/voyagedelabaleine\/","https:\/\/www.instagram.com\/voyagedelabaleine\/","https:\/\/www.pinterest.fr\/Voyagedelabaleine\/"]}]}},"_links":{"self":[{"href":"https:\/\/voyagedelabaleine.fr\/es\/wp-json\/wp\/v2\/product_cat\/7013","targetHints":{"allow":["GET"]}}],"collection":[{"href":"https:\/\/voyagedelabaleine.fr\/es\/wp-json\/wp\/v2\/product_cat"}],"about":[{"href":"https:\/\/voyagedelabaleine.fr\/es\/wp-json\/wp\/v2\/taxonomies\/product_cat"}],"up":[{"embeddable":true,"href":"https:\/\/voyagedelabaleine.fr\/es\/wp-json\/wp\/v2\/product_cat\/7025"}],"wp:post_type":[{"href":"https:\/\/voyagedelabaleine.fr\/es\/wp-json\/wp\/v2\/product?product_cat=7013"}],"curies":[{"name":"wp","href":"https:\/\/api.w.org\/{rel}","templated":true}]}}