{"id":24012,"date":"2025-12-06T21:13:58","date_gmt":"2025-12-06T20:13:58","guid":{"rendered":"https:\/\/voyagedelabaleine.fr\/?p=24012"},"modified":"2025-12-06T21:16:43","modified_gmt":"2025-12-06T20:16:43","slug":"barboteuse-bebe-le-vetement-intemporel-qui-allie-elegance-confort-et-authenticite","status":"publish","type":"post","link":"https:\/\/voyagedelabaleine.fr\/it\/barboteuse-bebe-le-vetement-intemporel-qui-allie-elegance-confort-et-authenticite\/","title":{"rendered":"\ud83c\udf3f Barboteuse b\u00e9b\u00e9 : le v\u00eatement intemporel qui allie \u00e9l\u00e9gance, confort et authenticit\u00e9"},"content":{"rendered":"\n<figure class=\"wp-block-image size-full\"><img decoding=\"async\" width=\"1000\" height=\"1000\" src=\"https:\/\/voyagedelabaleine.fr\/wp-content\/uploads\/2025\/12\/article-blog-barboteuse-bebe.jpg\" alt=\"\" class=\"wp-image-24013\" srcset=\"https:\/\/voyagedelabaleine.fr\/wp-content\/uploads\/2025\/12\/article-blog-barboteuse-bebe.jpg 1000w, https:\/\/voyagedelabaleine.fr\/wp-content\/uploads\/2025\/12\/article-blog-barboteuse-bebe-300x300.jpg 300w, https:\/\/voyagedelabaleine.fr\/wp-content\/uploads\/2025\/12\/article-blog-barboteuse-bebe-150x150.jpg 150w, https:\/\/voyagedelabaleine.fr\/wp-content\/uploads\/2025\/12\/article-blog-barboteuse-bebe-768x768.jpg 768w, https:\/\/voyagedelabaleine.fr\/wp-content\/uploads\/2025\/12\/article-blog-barboteuse-bebe-600x600.jpg 600w, https:\/\/voyagedelabaleine.fr\/wp-content\/uploads\/2025\/12\/article-blog-barboteuse-bebe-100x100.jpg 100w\" sizes=\"(max-width: 1000px) 100vw, 1000px\" \/><\/figure>\n\n\n\n<p>La <strong>barboteuse b\u00e9b\u00e9<\/strong> est une pi\u00e8ce iconique du vestiaire des tout-petits. \u00c0 mi-chemin entre le body et la salopette, elle s\u00e9duit par son charme r\u00e9tro et son confort incomparable.<br>En 2025, la barboteuse revient au c\u0153ur des tendances : \u00e9coresponsable, raffin\u00e9e, et pens\u00e9e pour accompagner les premiers mois de b\u00e9b\u00e9 avec douceur.<\/p>\n\n\n\n<p>Dans cet article, d\u00e9couvrez pourquoi la <strong>barboteuse b\u00e9b\u00e9<\/strong> est un indispensable, comment bien la choisir selon la saison, et quelles sont les plus belles mati\u00e8res \u00e0 privil\u00e9gier pour un v\u00eatement \u00e0 la fois <strong>\u00e9l\u00e9gant, pratique et durable<\/strong>.<\/p>\n\n\n\n<hr class=\"wp-block-separator has-alpha-channel-opacity\"\/>\n\n\n\n<h2 class=\"wp-block-heading\">\ud83d\udc76 Qu\u2019est-ce qu\u2019une barboteuse b\u00e9b\u00e9 ?<\/h2>\n\n\n\n<p>La <strong>barboteuse<\/strong> est un v\u00eatement une-pi\u00e8ce con\u00e7u pour les b\u00e9b\u00e9s d\u00e8s la naissance.<br>Elle se caract\u00e9rise par :<\/p>\n\n\n\n<ul class=\"wp-block-list\">\n<li>une <strong>forme l\u00e9g\u00e8rement bouffante<\/strong> qui laisse toute la libert\u00e9 de mouvement \u00e0 b\u00e9b\u00e9,<\/li>\n\n\n\n<li>des <strong>pressions \u00e0 l\u2019entrejambe<\/strong> pour faciliter le change,<\/li>\n\n\n\n<li>et des <strong>mati\u00e8res douces et respirantes<\/strong>, comme le coton ou le lin.<\/li>\n<\/ul>\n\n\n\n<p>Souvent dot\u00e9e de jolis d\u00e9tails \u2013 <strong>col Claudine, volants, boutons en nacre, bretelles crois\u00e9es<\/strong> \u2013 la barboteuse combine \u00e0 merveille <strong>fonctionnalit\u00e9 et esth\u00e9tisme<\/strong>.<\/p>\n\n\n\n<hr class=\"wp-block-separator has-alpha-channel-opacity\"\/>\n\n\n\n<h2 class=\"wp-block-heading\">\ud83d\udc95 Pourquoi choisir une barboteuse pour votre b\u00e9b\u00e9 ?<\/h2>\n\n\n\n<h3 class=\"wp-block-heading\">1. Un confort absolu<\/h3>\n\n\n\n<p>La <strong>barboteuse b\u00e9b\u00e9<\/strong> \u00e9pouse les formes du tout-petit sans le serrer. Sa coupe ample et ses tissus naturels garantissent une libert\u00e9 de mouvement id\u00e9ale.<\/p>\n\n\n\n<h3 class=\"wp-block-heading\">2. Une praticit\u00e9 au quotidien<\/h3>\n\n\n\n<p>Gr\u00e2ce \u00e0 ses pressions, elle s\u2019enfile facilement et permet un change rapide \u2014 un v\u00e9ritable alli\u00e9 pour les jeunes parents.<\/p>\n\n\n\n<h3 class=\"wp-block-heading\">3. Une \u00e9l\u00e9gance intemporelle<\/h3>\n\n\n\n<p>Inspir\u00e9e des garde-robes d\u2019autrefois, la barboteuse traverse les g\u00e9n\u00e9rations. C\u2019est un v\u00eatement \u00e0 la fois <strong>po\u00e9tique, raffin\u00e9 et plein de tendresse<\/strong>.<\/p>\n\n\n\n<h3 class=\"wp-block-heading\">4. Une pi\u00e8ce mixte et polyvalente<\/h3>\n\n\n\n<p>La <strong>barboteuse fille<\/strong> se pare de petits cols et de volants d\u00e9licats, tandis que la <strong>barboteuse gar\u00e7on<\/strong> adopte des tons plus sobres et des coupes droites.<br>Mais la majorit\u00e9 des mod\u00e8les sont <strong>unisexe<\/strong>, parfaits pour une garde-robe intemporelle.<\/p>\n\n\n\n<hr class=\"wp-block-separator has-alpha-channel-opacity\"\/>\n\n\n\n<h2 class=\"wp-block-heading\">\ud83c\udf42 Les mod\u00e8les de barboteuses selon les saisons<\/h2>\n\n\n\n<figure class=\"wp-block-table\"><table class=\"has-fixed-layout\"><thead><tr><th>Saison<\/th><th>Mati\u00e8re id\u00e9ale<\/th><th>Style conseill\u00e9<\/th><th>Exemple de mod\u00e8le<\/th><\/tr><\/thead><tbody><tr><td>Printemps<\/td><td>Coton bio<\/td><td>L\u00e9ger et respirant<\/td><td>Barboteuse en double gaze<\/td><\/tr><tr><td>\u00c9t\u00e9<\/td><td>Lin lav\u00e9<\/td><td>Frais et naturel<\/td><td>Barboteuse \u00e0 bretelles<\/td><\/tr><tr><td>Automne<\/td><td>Velours c\u00f4tel\u00e9<\/td><td>Doux et structur\u00e9<\/td><td>Barboteuse \u00e0 col rond<\/td><\/tr><tr><td>Hiver<\/td><td>Laine m\u00e9rinos<\/td><td>Chaud et respirant<\/td><td>Barboteuse tricot\u00e9e<\/td><\/tr><\/tbody><\/table><\/figure>\n\n\n\n<p>Chaque mod\u00e8le s\u2019adapte aux besoins de b\u00e9b\u00e9 tout en refl\u00e9tant un style d\u00e9licat et authentique.<\/p>\n\n\n\n<hr class=\"wp-block-separator has-alpha-channel-opacity\"\/>\n\n\n\n<h2 class=\"wp-block-heading\">\ud83c\udf31 Les mati\u00e8res \u00e0 privil\u00e9gier : qualit\u00e9 et \u00e9coresponsabilit\u00e9<\/h2>\n\n\n\n<p>Chez <em>Voyage de la Baleine<\/em>, nous s\u00e9lectionnons uniquement des v\u00eatements confectionn\u00e9s dans des <strong>mati\u00e8res naturelles et durables<\/strong>.<br>Les meilleures options pour une barboteuse b\u00e9b\u00e9 sont :<\/p>\n\n\n\n<ul class=\"wp-block-list\">\n<li><strong>Le coton biologique<\/strong> : doux pour la peau et respectueux de la plan\u00e8te.<\/li>\n\n\n\n<li><strong>Le lin europ\u00e9en<\/strong> : respirant, \u00e9l\u00e9gant et naturellement hypoallerg\u00e9nique.<\/li>\n\n\n\n<li><strong>Le velours c\u00f4tel\u00e9<\/strong> : id\u00e9al pour l\u2019automne et l\u2019hiver, \u00e0 la fois chaud et raffin\u00e9.<\/li>\n\n\n\n<li><strong>La laine m\u00e9rinos<\/strong> : une fibre noble qui r\u00e9gule naturellement la temp\u00e9rature du corps.<\/li>\n<\/ul>\n\n\n\n<p>Ces mati\u00e8res apportent confort et durabilit\u00e9 tout en s\u2019inscrivant dans une d\u00e9marche <strong>\u00e9coresponsable et consciente<\/strong>.<\/p>\n\n\n\n<hr class=\"wp-block-separator has-alpha-channel-opacity\"\/>\n\n\n\n<h2 class=\"wp-block-heading\">\ud83c\udf81 La barboteuse, un cadeau de naissance plein de sens<\/h2>\n\n\n\n<p>Offrir une <strong>barboteuse b\u00e9b\u00e9<\/strong> est un choix \u00e0 la fois pratique et symbolique.<br>C\u2019est un cadeau de naissance \u00e9l\u00e9gant, utile et charg\u00e9 d\u2019\u00e9motion, souvent conserv\u00e9 pr\u00e9cieusement en souvenir.<\/p>\n\n\n\n<p>Une <strong>barboteuse en coton bio<\/strong> ou en <strong>velours c\u00f4tel\u00e9<\/strong>, confectionn\u00e9e en Europe, fait toujours son effet aupr\u00e8s des jeunes parents sensibles \u00e0 la qualit\u00e9 et \u00e0 la douceur.<\/p>\n\n\n\n<hr class=\"wp-block-separator has-alpha-channel-opacity\"\/>\n\n\n\n<h2 class=\"wp-block-heading\">\ud83e\uddf5 Comment bien choisir la barboteuse de b\u00e9b\u00e9 ?<\/h2>\n\n\n\n<ol class=\"wp-block-list\">\n<li><strong>La taille<\/strong> : optez pour une barboteuse l\u00e9g\u00e8rement ample pour permettre \u00e0 b\u00e9b\u00e9 de bouger librement.<\/li>\n\n\n\n<li><strong>La saison<\/strong> : privil\u00e9giez des mati\u00e8res l\u00e9g\u00e8res en \u00e9t\u00e9 et des tissus chauds en hiver.<\/li>\n\n\n\n<li><strong>La praticit\u00e9<\/strong> : v\u00e9rifiez la pr\u00e9sence de pressions \u00e0 l\u2019entrejambe et d\u2019ouvertures dans le dos.<\/li>\n\n\n\n<li><strong>Les finitions<\/strong> : boutons en nacre, broderies d\u00e9licates, coutures plates \u2014 les d\u00e9tails font toute la diff\u00e9rence.<\/li>\n\n\n\n<li><strong>L\u2019entretien<\/strong> : choisissez des mati\u00e8res naturelles lavables \u00e0 30 \u00b0C, faciles \u00e0 repasser et durables dans le temps.<\/li>\n<\/ol>\n\n\n\n<hr class=\"wp-block-separator has-alpha-channel-opacity\"\/>\n\n\n\n<h2 class=\"wp-block-heading\">\ud83e\uddfa Entretien de la barboteuse b\u00e9b\u00e9 : douceur et long\u00e9vit\u00e9<\/h2>\n\n\n\n<p>Pour pr\u00e9server la beaut\u00e9 de votre barboteuse :<\/p>\n\n\n\n<ul class=\"wp-block-list\">\n<li>Lavez-la \u00e0 basse temp\u00e9rature avec une lessive douce.<\/li>\n\n\n\n<li>\u00c9vitez le s\u00e8che-linge pour prot\u00e9ger les fibres naturelles.<\/li>\n\n\n\n<li>Repassage l\u00e9ger sur l\u2019envers pour les tissus d\u00e9licats.<\/li>\n<\/ul>\n\n\n\n<p>Un entretien attentif garantit un v\u00eatement durable, qui pourra \u00eatre transmis de fr\u00e8re en s\u0153ur ou conserv\u00e9 comme souvenir.<\/p>\n\n\n\n<hr class=\"wp-block-separator has-alpha-channel-opacity\"\/>\n\n\n\n<h2 class=\"wp-block-heading\">\ud83c\udf38 En r\u00e9sum\u00e9<\/h2>\n\n\n\n<p>La <strong>barboteuse b\u00e9b\u00e9<\/strong> est bien plus qu\u2019un simple v\u00eatement : c\u2019est une pi\u00e8ce embl\u00e9matique de l\u2019enfance, symbole de douceur, d\u2019\u00e9l\u00e9gance et d\u2019intemporalit\u00e9.<br>Avec ses mati\u00e8res naturelles, sa coupe confortable et son allure po\u00e9tique, elle s\u00e9duit les parents soucieux d\u2019allier <strong>style, confort et \u00e9thique<\/strong>.<\/p>\n\n\n\n<p>\ud83d\udc49 D\u00e9couvrez la s\u00e9lection de <strong>barboteuses b\u00e9b\u00e9 raffin\u00e9es<\/strong> sur <em>Voyage de la Baleine<\/em>, choisies pour leur <strong>qualit\u00e9 exceptionnelle<\/strong>, leur <strong>fabrication europ\u00e9enne<\/strong> et leur <strong>style intemporel<\/strong>.<\/p>\n\n\n\n<hr class=\"wp-block-separator has-alpha-channel-opacity\"\/>\n\n\n\n<h2 class=\"wp-block-heading\">\u2753FAQ \u2014 Tout savoir sur la barboteuse b\u00e9b\u00e9<\/h2>\n\n\n\n<p><strong>Quelle est la diff\u00e9rence entre un body et une barboteuse ?<\/strong><br>Le body est un sous-v\u00eatement, tandis que la barboteuse est une tenue \u00e0 part enti\u00e8re, souvent port\u00e9e seule ou avec un petit gilet.<\/p>\n\n\n\n<p><strong>\u00c0 quel \u00e2ge mettre une barboteuse \u00e0 un b\u00e9b\u00e9 ?<\/strong><br>D\u00e8s la naissance et jusqu\u2019\u00e0 24 mois selon les mod\u00e8les. Les versions \u00e0 manches longues sont parfaites pour l\u2019hiver.<\/p>\n\n\n\n<p><strong>Quelle mati\u00e8re choisir pour une barboteuse b\u00e9b\u00e9 ?<\/strong><br>Le coton bio et le lin sont parfaits pour les peaux sensibles. Le velours c\u00f4tel\u00e9 et la laine m\u00e9rinos sont id\u00e9aux pour les saisons froides.<\/p>\n\n\n\n<p><strong>La barboteuse convient-elle pour une c\u00e9r\u00e9monie ?<\/strong><br>Oui ! Une barboteuse en coton avec col Claudine ou petits volants est une tenue de bapt\u00eame ou d\u2019\u00e9v\u00e9nement \u00e9l\u00e9gante et raffin\u00e9e.<\/p>\n\n\n\n<h2 class=\"wp-block-heading\">\ud83c\udf1f Produits \u00e0 d\u00e9couvrir \u2014 Nos barboteuses b\u00e9b\u00e9<\/h2>\n\n\n\n<p>D\u00e9couvrez une s\u00e9lection soigneusement choisie pour offrir \u00e0 votre b\u00e9b\u00e9 une tenue \u00e9l\u00e9gante, confortable et intemporelle. Toutes nos pi\u00e8ces sont fabriqu\u00e9es en Europe dans des mati\u00e8res naturelles, en parfaite coh\u00e9rence avec l\u2019univers po\u00e9tique de <em>Voyage de la Baleine<\/em>.<\/p>\n\n\n\n<hr class=\"wp-block-separator has-alpha-channel-opacity\"\/>\n\n\n\n<h3 class=\"wp-block-heading\">\ud83d\udc76 Barboteuse b\u00e9b\u00e9 en coton<\/h3>\n\n\n\n<p>Une barboteuse douce, respirante et id\u00e9ale pour le quotidien.<br>\u2714 Mati\u00e8re : coton certifi\u00e9, parfait pour les peaux sensibles<br>\u2714 Coupe ample et confortable<br>\u2714 Fermetures pratiques pour faciliter le change<br>\ud83d\udc49 \u00c0 d\u00e9couvrir : <em>Voyage de la Baleine<\/em> \u2014 <a href=\"https:\/\/voyagedelabaleine.fr\/product\/barboteuse-vichy-coton-chaud-rose\/\">Barboteuse vichy en coton chaud \u2013 Rose<\/a><\/p>\n\n\n\n<hr class=\"wp-block-separator has-alpha-channel-opacity\"\/>\n\n\n\n<h3 class=\"wp-block-heading\">\ud83c\udf42 Barboteuse en velours c\u00f4tel\u00e9 \u2014 Sp\u00e9cial automne<\/h3>\n\n\n\n<p>Une pi\u00e8ce incontournable pour la saison automnale.<br>\u2714 Velours c\u00f4tel\u00e9 europ\u00e9en<br>\u2714 Coloris naturels (vert, \u00e9cru, caramel\u2026)<br>\u2714 Id\u00e9al pour une tenue \u00e9l\u00e9gante lors des promenades<br>\ud83d\udc49 \u00c0 d\u00e9couvrir : <a href=\"https:\/\/voyagedelabaleine.fr\/product\/salopette-velours-verte\/\">Salopette b\u00e9b\u00e9 gar\u00e7on en velours \u2013 Vert<\/a><\/p>\n\n\n\n<hr class=\"wp-block-separator has-alpha-channel-opacity\"\/>\n\n\n\n<h3 class=\"wp-block-heading\">\ud83c\udf80 Barboteuse \u00e0 col Claudine \u2014 \u00c9l\u00e9gance intemporelle<\/h3>\n\n\n\n<p>Une tenue parfaite pour les petites occasions.<br>\u2714 Col d\u00e9licat<br>\u2714 D\u00e9tails raffin\u00e9s : boutons en bois, plis ou volants<br>\u2714 Style po\u00e9tique, signature de <em>Voyage de la Baleine<\/em><br>\ud83d\udc49 \u00c0 d\u00e9couvrir : <a href=\"https:\/\/voyagedelabaleine.fr\/product\/barboteuse-carreaux-manche-longues\/\"><a href=\"https:\/\/voyagedelabaleine.fr\/product\/barboteuse-carreaux-manche-longues\/\">Barboteuse b\u00e9b\u00e9 \u00e0 carreaux en coton chaud<\/a><\/a><\/p>\n\n\n\n<hr class=\"wp-block-separator has-alpha-channel-opacity\"\/>\n\n\n\n<h3 class=\"wp-block-heading\">\ud83c\udf3e Barboteuse en lin \u2014 L\u00e9g\u00e8re et authentique<\/h3>\n\n\n\n<p>Une mati\u00e8re naturelle, chic et durable.<br>\u2714 Lin doux et respirant<br>\u2714 Look classique et mixte<br>\u2714 Parfaite en \u00e9t\u00e9 comme en mi-saison<br>\ud83d\udc49 \u00c0 d\u00e9couvrir : <a href=\"https:\/\/voyagedelabaleine.fr\/product\/barboteuse-bebe-mixte-col-rond-beige\/\"><a href=\"https:\/\/voyagedelabaleine.fr\/product\/barboteuse-bebe-mixte-col-rond-beige\/\">Barboteuse b\u00e9b\u00e9 mixte \u00e0 col rond \u2013 Beige<\/a><\/a><\/p>\n\n\n\n<hr class=\"wp-block-separator has-alpha-channel-opacity\"\/>\n\n\n\n<h3 class=\"wp-block-heading\">\ud83c\udf81 Ensemble cadeau naissance \u2014 Barboteuse &amp; accessoires<\/h3>\n\n\n\n<p>Le cadeau id\u00e9al pour une naissance ou un bapt\u00eame.<br>\u2714 Barboteuse + gilet ou chaussons assortis<br>\u2714 Tons naturels et mati\u00e8res nobles<br>\u2714 Pr\u00e9sentation soign\u00e9e<br>\ud83d\udc49 \u00c0 d\u00e9couvrir : <a href=\"https:\/\/voyagedelabaleine.fr\/cadeau-naissance\/\">Cadeau naissance<\/a><\/p>\n\n\n\n<hr class=\"wp-block-separator has-alpha-channel-opacity\"\/>\n\n\n\n<h2 class=\"wp-block-heading\">\ud83d\udc9b Pourquoi choisir une barboteuse Voyage de la Baleine ?<\/h2>\n\n\n\n<ul class=\"wp-block-list\">\n<li>Mati\u00e8res naturelles s\u00e9lectionn\u00e9es avec soin<\/li>\n\n\n\n<li>Fabrication europ\u00e9enne (Portugal, Espagne, selon les pi\u00e8ces)<\/li>\n\n\n\n<li>Style intemporel et raffin\u00e9<\/li>\n\n\n\n<li>Confort parfait pour les premiers mois de b\u00e9b\u00e9<\/li>\n\n\n\n<li>Pi\u00e8ces choisies avec amour pour un vestiaire tendre et authentique<\/li>\n<\/ul>\n\n\n\n<p><\/p>\n","protected":false},"excerpt":{"rendered":"<p>La barboteuse b\u00e9b\u00e9 est une pi\u00e8ce iconique du vestiaire des tout-petits. \u00c0 mi-chemin entre le body et la salopette, elle s\u00e9duit par son charme r\u00e9tro et son confort incomparable.En 2025, la barboteuse revient au c\u0153ur des tendances : \u00e9coresponsable, raffin\u00e9e, et pens\u00e9e pour accompagner les premiers mois de b\u00e9b\u00e9 avec douceur. Dans cet article, d\u00e9couvrez [&hellip;]<\/p>\n","protected":false},"author":222595022,"featured_media":24013,"comment_status":"open","ping_status":"open","sticky":false,"template":"","format":"standard","meta":{"ocean_post_layout":"","ocean_both_sidebars_style":"","ocean_both_sidebars_content_width":0,"ocean_both_sidebars_sidebars_width":0,"ocean_sidebar":"","ocean_second_sidebar":"","ocean_disable_margins":"enable","ocean_add_body_class":"","ocean_shortcode_before_top_bar":"","ocean_shortcode_after_top_bar":"","ocean_shortcode_before_header":"","ocean_shortcode_after_header":"","ocean_has_shortcode":"","ocean_shortcode_after_title":"","ocean_shortcode_before_footer_widgets":"","ocean_shortcode_after_footer_widgets":"","ocean_shortcode_before_footer_bottom":"","ocean_shortcode_after_footer_bottom":"","ocean_display_top_bar":"default","ocean_display_header":"default","ocean_header_style":"","ocean_center_header_left_menu":"","ocean_custom_header_template":"","ocean_custom_logo":0,"ocean_custom_retina_logo":0,"ocean_custom_logo_max_width":0,"ocean_custom_logo_tablet_max_width":0,"ocean_custom_logo_mobile_max_width":0,"ocean_custom_logo_max_height":0,"ocean_custom_logo_tablet_max_height":0,"ocean_custom_logo_mobile_max_height":0,"ocean_header_custom_menu":"","ocean_menu_typo_font_family":"","ocean_menu_typo_font_subset":"","ocean_menu_typo_font_size":0,"ocean_menu_typo_font_size_tablet":0,"ocean_menu_typo_font_size_mobile":0,"ocean_menu_typo_font_size_unit":"px","ocean_menu_typo_font_weight":"","ocean_menu_typo_font_weight_tablet":"","ocean_menu_typo_font_weight_mobile":"","ocean_menu_typo_transform":"","ocean_menu_typo_transform_tablet":"","ocean_menu_typo_transform_mobile":"","ocean_menu_typo_line_height":0,"ocean_menu_typo_line_height_tablet":0,"ocean_menu_typo_line_height_mobile":0,"ocean_menu_typo_line_height_unit":"","ocean_menu_typo_spacing":0,"ocean_menu_typo_spacing_tablet":0,"ocean_menu_typo_spacing_mobile":0,"ocean_menu_typo_spacing_unit":"","ocean_menu_link_color":"","ocean_menu_link_color_hover":"","ocean_menu_link_color_active":"","ocean_menu_link_background":"","ocean_menu_link_hover_background":"","ocean_menu_link_active_background":"","ocean_menu_social_links_bg":"","ocean_menu_social_hover_links_bg":"","ocean_menu_social_links_color":"","ocean_menu_social_hover_links_color":"","ocean_disable_title":"default","ocean_disable_heading":"default","ocean_post_title":"","ocean_post_subheading":"","ocean_post_title_style":"","ocean_post_title_background_color":"","ocean_post_title_background":0,"ocean_post_title_bg_image_position":"","ocean_post_title_bg_image_attachment":"","ocean_post_title_bg_image_repeat":"","ocean_post_title_bg_image_size":"","ocean_post_title_height":0,"ocean_post_title_bg_overlay":0.5,"ocean_post_title_bg_overlay_color":"","ocean_disable_breadcrumbs":"default","ocean_breadcrumbs_color":"","ocean_breadcrumbs_separator_color":"","ocean_breadcrumbs_links_color":"","ocean_breadcrumbs_links_hover_color":"","ocean_display_footer_widgets":"default","ocean_display_footer_bottom":"default","ocean_custom_footer_template":"","osh_disable_topbar_sticky":"default","osh_disable_header_sticky":"default","osh_sticky_header_style":"default","osh_sticky_header_effect":"","osh_custom_sticky_logo":0,"osh_custom_retina_sticky_logo":0,"osh_custom_sticky_logo_height":0,"osh_background_color":"","osh_links_color":"","osh_links_hover_color":"","osh_links_active_color":"","osh_links_bg_color":"","osh_links_hover_bg_color":"","osh_links_active_bg_color":"","osh_menu_social_links_color":"","osh_menu_social_hover_links_color":"","ocean_post_oembed":"","ocean_post_self_hosted_media":"","ocean_post_video_embed":"","ocean_link_format":"","ocean_link_format_target":"self","ocean_quote_format":"","ocean_quote_format_link":"post","ocean_gallery_link_images":"on","ocean_gallery_id":[],"footnotes":""},"categories":[6325],"tags":[],"class_list":["post-24012","post","type-post","status-publish","format-standard","has-post-thumbnail","hentry","category-non-categorise","entry","has-media","owp-thumbs-layout-vertical","owp-btn-big","owp-tabs-layout-vertical","has-no-thumbnails","circle-sale"],"yoast_head":"<!-- This site is optimized with the Yoast SEO plugin v27.1.1 - https:\/\/yoast.com\/product\/yoast-seo-wordpress\/ -->\n<title>Barboteuse b\u00e9b\u00e9 : \u00e9l\u00e9gance, confort et intemporalit\u00e9<\/title>\n<meta name=\"description\" content=\"D\u00e9couvrez la barboteuse b\u00e9b\u00e9 : v\u00eatement intemporel et \u00e9l\u00e9gant. Mati\u00e8res naturelles, confort, fabrication europ\u00e9enne, style chic et raffin\u00e9.\" \/>\n<meta name=\"robots\" content=\"index, follow, max-snippet:-1, max-image-preview:large, max-video-preview:-1\" \/>\n<link rel=\"canonical\" href=\"https:\/\/voyagedelabaleine.fr\/it\/barboteuse-bebe-le-vetement-intemporel-qui-allie-elegance-confort-et-authenticite\/\" \/>\n<meta property=\"og:locale\" content=\"it_IT\" \/>\n<meta property=\"og:type\" content=\"article\" \/>\n<meta property=\"og:title\" content=\"Barboteuse b\u00e9b\u00e9 : \u00e9l\u00e9gance, confort et intemporalit\u00e9\" \/>\n<meta property=\"og:description\" content=\"D\u00e9couvrez la barboteuse b\u00e9b\u00e9 : v\u00eatement intemporel et \u00e9l\u00e9gant. Mati\u00e8res naturelles, confort, fabrication europ\u00e9enne, style chic et raffin\u00e9.\" \/>\n<meta property=\"og:url\" content=\"https:\/\/voyagedelabaleine.fr\/it\/barboteuse-bebe-le-vetement-intemporel-qui-allie-elegance-confort-et-authenticite\/\" \/>\n<meta property=\"og:site_name\" content=\"Voyage de la Baleine\" \/>\n<meta property=\"article:publisher\" content=\"https:\/\/www.facebook.com\/voyagedelabaleine\/\" \/>\n<meta property=\"article:published_time\" content=\"2025-12-06T20:13:58+00:00\" \/>\n<meta property=\"article:modified_time\" content=\"2025-12-06T20:16:43+00:00\" \/>\n<meta property=\"og:image\" content=\"https:\/\/voyagedelabaleine.fr\/wp-content\/uploads\/2025\/12\/article-blog-barboteuse-bebe.jpg\" \/>\n\t<meta property=\"og:image:width\" content=\"1000\" \/>\n\t<meta property=\"og:image:height\" content=\"1000\" \/>\n\t<meta property=\"og:image:type\" content=\"image\/jpeg\" \/>\n<meta name=\"author\" content=\"LeVoyagedelaBaleine\" \/>\n<meta name=\"twitter:card\" content=\"summary_large_image\" \/>\n<meta name=\"twitter:label1\" content=\"Scritto da\" \/>\n\t<meta name=\"twitter:data1\" content=\"LeVoyagedelaBaleine\" \/>\n\t<meta name=\"twitter:label2\" content=\"Tempo di lettura stimato\" \/>\n\t<meta name=\"twitter:data2\" content=\"7 minuto\" \/>\n<script type=\"application\/ld+json\" class=\"yoast-schema-graph\">{\"@context\":\"https:\/\/schema.org\",\"@graph\":[{\"@type\":\"Article\",\"@id\":\"https:\/\/voyagedelabaleine.fr\/it\/barboteuse-bebe-le-vetement-intemporel-qui-allie-elegance-confort-et-authenticite\/#article\",\"isPartOf\":{\"@id\":\"https:\/\/voyagedelabaleine.fr\/it\/barboteuse-bebe-le-vetement-intemporel-qui-allie-elegance-confort-et-authenticite\/\"},\"author\":{\"name\":\"LeVoyagedelaBaleine\",\"@id\":\"https:\/\/voyagedelabaleine.fr\/it\/#\/schema\/person\/3e973e5cd2782f6657fc067a702b83f9\"},\"headline\":\"\ud83c\udf3f Barboteuse b\u00e9b\u00e9 : le v\u00eatement intemporel qui allie \u00e9l\u00e9gance, confort et authenticit\u00e9\",\"datePublished\":\"2025-12-06T20:13:58+00:00\",\"dateModified\":\"2025-12-06T20:16:43+00:00\",\"mainEntityOfPage\":{\"@id\":\"https:\/\/voyagedelabaleine.fr\/it\/barboteuse-bebe-le-vetement-intemporel-qui-allie-elegance-confort-et-authenticite\/\"},\"wordCount\":1311,\"commentCount\":0,\"publisher\":{\"@id\":\"https:\/\/voyagedelabaleine.fr\/it\/#organization\"},\"image\":{\"@id\":\"https:\/\/voyagedelabaleine.fr\/it\/barboteuse-bebe-le-vetement-intemporel-qui-allie-elegance-confort-et-authenticite\/#primaryimage\"},\"thumbnailUrl\":\"https:\/\/voyagedelabaleine.fr\/wp-content\/uploads\/2025\/12\/article-blog-barboteuse-bebe.jpg\",\"articleSection\":[\"Non cat\u00e9goris\u00e9\"],\"inLanguage\":\"it-IT\",\"potentialAction\":[{\"@type\":\"CommentAction\",\"name\":\"Comment\",\"target\":[\"https:\/\/voyagedelabaleine.fr\/it\/barboteuse-bebe-le-vetement-intemporel-qui-allie-elegance-confort-et-authenticite\/#respond\"]}]},{\"@type\":\"WebPage\",\"@id\":\"https:\/\/voyagedelabaleine.fr\/it\/barboteuse-bebe-le-vetement-intemporel-qui-allie-elegance-confort-et-authenticite\/\",\"url\":\"https:\/\/voyagedelabaleine.fr\/it\/barboteuse-bebe-le-vetement-intemporel-qui-allie-elegance-confort-et-authenticite\/\",\"name\":\"Barboteuse b\u00e9b\u00e9 : \u00e9l\u00e9gance, confort et intemporalit\u00e9\",\"isPartOf\":{\"@id\":\"https:\/\/voyagedelabaleine.fr\/it\/#website\"},\"primaryImageOfPage\":{\"@id\":\"https:\/\/voyagedelabaleine.fr\/it\/barboteuse-bebe-le-vetement-intemporel-qui-allie-elegance-confort-et-authenticite\/#primaryimage\"},\"image\":{\"@id\":\"https:\/\/voyagedelabaleine.fr\/it\/barboteuse-bebe-le-vetement-intemporel-qui-allie-elegance-confort-et-authenticite\/#primaryimage\"},\"thumbnailUrl\":\"https:\/\/voyagedelabaleine.fr\/wp-content\/uploads\/2025\/12\/article-blog-barboteuse-bebe.jpg\",\"datePublished\":\"2025-12-06T20:13:58+00:00\",\"dateModified\":\"2025-12-06T20:16:43+00:00\",\"description\":\"D\u00e9couvrez la barboteuse b\u00e9b\u00e9 : v\u00eatement intemporel et \u00e9l\u00e9gant. Mati\u00e8res naturelles, confort, fabrication europ\u00e9enne, style chic et raffin\u00e9.\",\"breadcrumb\":{\"@id\":\"https:\/\/voyagedelabaleine.fr\/it\/barboteuse-bebe-le-vetement-intemporel-qui-allie-elegance-confort-et-authenticite\/#breadcrumb\"},\"inLanguage\":\"it-IT\",\"potentialAction\":[{\"@type\":\"ReadAction\",\"target\":[\"https:\/\/voyagedelabaleine.fr\/it\/barboteuse-bebe-le-vetement-intemporel-qui-allie-elegance-confort-et-authenticite\/\"]}]},{\"@type\":\"ImageObject\",\"inLanguage\":\"it-IT\",\"@id\":\"https:\/\/voyagedelabaleine.fr\/it\/barboteuse-bebe-le-vetement-intemporel-qui-allie-elegance-confort-et-authenticite\/#primaryimage\",\"url\":\"https:\/\/voyagedelabaleine.fr\/wp-content\/uploads\/2025\/12\/article-blog-barboteuse-bebe.jpg\",\"contentUrl\":\"https:\/\/voyagedelabaleine.fr\/wp-content\/uploads\/2025\/12\/article-blog-barboteuse-bebe.jpg\",\"width\":1000,\"height\":1000},{\"@type\":\"BreadcrumbList\",\"@id\":\"https:\/\/voyagedelabaleine.fr\/it\/barboteuse-bebe-le-vetement-intemporel-qui-allie-elegance-confort-et-authenticite\/#breadcrumb\",\"itemListElement\":[{\"@type\":\"ListItem\",\"position\":1,\"name\":\"Accueil\",\"item\":\"https:\/\/voyagedelabaleine.fr\/it\/homepage\/\"},{\"@type\":\"ListItem\",\"position\":2,\"name\":\"\ud83c\udf3f Barboteuse b\u00e9b\u00e9 : le v\u00eatement intemporel qui allie \u00e9l\u00e9gance, confort et authenticit\u00e9\"}]},{\"@type\":\"WebSite\",\"@id\":\"https:\/\/voyagedelabaleine.fr\/it\/#website\",\"url\":\"https:\/\/voyagedelabaleine.fr\/it\/\",\"name\":\"Voyage de la Baleine\",\"description\":\"V\u00eatements intemporels et raffin\u00e9s pour b\u00e9b\u00e9s et enfants\",\"publisher\":{\"@id\":\"https:\/\/voyagedelabaleine.fr\/it\/#organization\"},\"potentialAction\":[{\"@type\":\"SearchAction\",\"target\":{\"@type\":\"EntryPoint\",\"urlTemplate\":\"https:\/\/voyagedelabaleine.fr\/it\/?s={search_term_string}\"},\"query-input\":{\"@type\":\"PropertyValueSpecification\",\"valueRequired\":true,\"valueName\":\"search_term_string\"}}],\"inLanguage\":\"it-IT\"},{\"@type\":\"Organization\",\"@id\":\"https:\/\/voyagedelabaleine.fr\/it\/#organization\",\"name\":\"Voyage de la Baleine\",\"url\":\"https:\/\/voyagedelabaleine.fr\/it\/\",\"logo\":{\"@type\":\"ImageObject\",\"inLanguage\":\"it-IT\",\"@id\":\"https:\/\/voyagedelabaleine.fr\/it\/#\/schema\/logo\/image\/\",\"url\":\"https:\/\/voyagedelabaleine.fr\/wp-content\/uploads\/2025\/06\/logo.webp\",\"contentUrl\":\"https:\/\/voyagedelabaleine.fr\/wp-content\/uploads\/2025\/06\/logo.webp\",\"width\":153,\"height\":64,\"caption\":\"Voyage de la Baleine\"},\"image\":{\"@id\":\"https:\/\/voyagedelabaleine.fr\/it\/#\/schema\/logo\/image\/\"},\"sameAs\":[\"https:\/\/www.facebook.com\/voyagedelabaleine\/\",\"https:\/\/www.instagram.com\/voyagedelabaleine\/\",\"https:\/\/www.pinterest.fr\/Voyagedelabaleine\/\"]},{\"@type\":\"Person\",\"@id\":\"https:\/\/voyagedelabaleine.fr\/it\/#\/schema\/person\/3e973e5cd2782f6657fc067a702b83f9\",\"name\":\"LeVoyagedelaBaleine\",\"image\":{\"@type\":\"ImageObject\",\"inLanguage\":\"it-IT\",\"@id\":\"https:\/\/voyagedelabaleine.fr\/it\/#\/schema\/person\/image\/\",\"url\":\"https:\/\/secure.gravatar.com\/avatar\/37645d556c128973cd6db18a57028fc40b25730c9e9778c37da03c8fe0e6ab35?s=96&d=identicon&r=g\",\"contentUrl\":\"https:\/\/secure.gravatar.com\/avatar\/37645d556c128973cd6db18a57028fc40b25730c9e9778c37da03c8fe0e6ab35?s=96&d=identicon&r=g\",\"caption\":\"LeVoyagedelaBaleine\"},\"sameAs\":[\"http:\/\/petitebaleinedotfr.wordpress.com\"]}]}<\/script>\n<!-- \/ Yoast SEO plugin. -->","yoast_head_json":{"title":"Barboteuse b\u00e9b\u00e9 : \u00e9l\u00e9gance, confort et intemporalit\u00e9","description":"D\u00e9couvrez la barboteuse b\u00e9b\u00e9 : v\u00eatement intemporel et \u00e9l\u00e9gant. Mati\u00e8res naturelles, confort, fabrication europ\u00e9enne, style chic et raffin\u00e9.","robots":{"index":"index","follow":"follow","max-snippet":"max-snippet:-1","max-image-preview":"max-image-preview:large","max-video-preview":"max-video-preview:-1"},"canonical":"https:\/\/voyagedelabaleine.fr\/it\/barboteuse-bebe-le-vetement-intemporel-qui-allie-elegance-confort-et-authenticite\/","og_locale":"it_IT","og_type":"article","og_title":"Barboteuse b\u00e9b\u00e9 : \u00e9l\u00e9gance, confort et intemporalit\u00e9","og_description":"D\u00e9couvrez la barboteuse b\u00e9b\u00e9 : v\u00eatement intemporel et \u00e9l\u00e9gant. Mati\u00e8res naturelles, confort, fabrication europ\u00e9enne, style chic et raffin\u00e9.","og_url":"https:\/\/voyagedelabaleine.fr\/it\/barboteuse-bebe-le-vetement-intemporel-qui-allie-elegance-confort-et-authenticite\/","og_site_name":"Voyage de la Baleine","article_publisher":"https:\/\/www.facebook.com\/voyagedelabaleine\/","article_published_time":"2025-12-06T20:13:58+00:00","article_modified_time":"2025-12-06T20:16:43+00:00","og_image":[{"width":1000,"height":1000,"url":"https:\/\/voyagedelabaleine.fr\/wp-content\/uploads\/2025\/12\/article-blog-barboteuse-bebe.jpg","type":"image\/jpeg"}],"author":"LeVoyagedelaBaleine","twitter_card":"summary_large_image","twitter_misc":{"Scritto da":"LeVoyagedelaBaleine","Tempo di lettura stimato":"7 minuto"},"schema":{"@context":"https:\/\/schema.org","@graph":[{"@type":"Article","@id":"https:\/\/voyagedelabaleine.fr\/it\/barboteuse-bebe-le-vetement-intemporel-qui-allie-elegance-confort-et-authenticite\/#article","isPartOf":{"@id":"https:\/\/voyagedelabaleine.fr\/it\/barboteuse-bebe-le-vetement-intemporel-qui-allie-elegance-confort-et-authenticite\/"},"author":{"name":"LeVoyagedelaBaleine","@id":"https:\/\/voyagedelabaleine.fr\/it\/#\/schema\/person\/3e973e5cd2782f6657fc067a702b83f9"},"headline":"\ud83c\udf3f Barboteuse b\u00e9b\u00e9 : le v\u00eatement intemporel qui allie \u00e9l\u00e9gance, confort et authenticit\u00e9","datePublished":"2025-12-06T20:13:58+00:00","dateModified":"2025-12-06T20:16:43+00:00","mainEntityOfPage":{"@id":"https:\/\/voyagedelabaleine.fr\/it\/barboteuse-bebe-le-vetement-intemporel-qui-allie-elegance-confort-et-authenticite\/"},"wordCount":1311,"commentCount":0,"publisher":{"@id":"https:\/\/voyagedelabaleine.fr\/it\/#organization"},"image":{"@id":"https:\/\/voyagedelabaleine.fr\/it\/barboteuse-bebe-le-vetement-intemporel-qui-allie-elegance-confort-et-authenticite\/#primaryimage"},"thumbnailUrl":"https:\/\/voyagedelabaleine.fr\/wp-content\/uploads\/2025\/12\/article-blog-barboteuse-bebe.jpg","articleSection":["Non cat\u00e9goris\u00e9"],"inLanguage":"it-IT","potentialAction":[{"@type":"CommentAction","name":"Comment","target":["https:\/\/voyagedelabaleine.fr\/it\/barboteuse-bebe-le-vetement-intemporel-qui-allie-elegance-confort-et-authenticite\/#respond"]}]},{"@type":"WebPage","@id":"https:\/\/voyagedelabaleine.fr\/it\/barboteuse-bebe-le-vetement-intemporel-qui-allie-elegance-confort-et-authenticite\/","url":"https:\/\/voyagedelabaleine.fr\/it\/barboteuse-bebe-le-vetement-intemporel-qui-allie-elegance-confort-et-authenticite\/","name":"Barboteuse b\u00e9b\u00e9 : \u00e9l\u00e9gance, confort et intemporalit\u00e9","isPartOf":{"@id":"https:\/\/voyagedelabaleine.fr\/it\/#website"},"primaryImageOfPage":{"@id":"https:\/\/voyagedelabaleine.fr\/it\/barboteuse-bebe-le-vetement-intemporel-qui-allie-elegance-confort-et-authenticite\/#primaryimage"},"image":{"@id":"https:\/\/voyagedelabaleine.fr\/it\/barboteuse-bebe-le-vetement-intemporel-qui-allie-elegance-confort-et-authenticite\/#primaryimage"},"thumbnailUrl":"https:\/\/voyagedelabaleine.fr\/wp-content\/uploads\/2025\/12\/article-blog-barboteuse-bebe.jpg","datePublished":"2025-12-06T20:13:58+00:00","dateModified":"2025-12-06T20:16:43+00:00","description":"D\u00e9couvrez la barboteuse b\u00e9b\u00e9 : v\u00eatement intemporel et \u00e9l\u00e9gant. Mati\u00e8res naturelles, confort, fabrication europ\u00e9enne, style chic et raffin\u00e9.","breadcrumb":{"@id":"https:\/\/voyagedelabaleine.fr\/it\/barboteuse-bebe-le-vetement-intemporel-qui-allie-elegance-confort-et-authenticite\/#breadcrumb"},"inLanguage":"it-IT","potentialAction":[{"@type":"ReadAction","target":["https:\/\/voyagedelabaleine.fr\/it\/barboteuse-bebe-le-vetement-intemporel-qui-allie-elegance-confort-et-authenticite\/"]}]},{"@type":"ImageObject","inLanguage":"it-IT","@id":"https:\/\/voyagedelabaleine.fr\/it\/barboteuse-bebe-le-vetement-intemporel-qui-allie-elegance-confort-et-authenticite\/#primaryimage","url":"https:\/\/voyagedelabaleine.fr\/wp-content\/uploads\/2025\/12\/article-blog-barboteuse-bebe.jpg","contentUrl":"https:\/\/voyagedelabaleine.fr\/wp-content\/uploads\/2025\/12\/article-blog-barboteuse-bebe.jpg","width":1000,"height":1000},{"@type":"BreadcrumbList","@id":"https:\/\/voyagedelabaleine.fr\/it\/barboteuse-bebe-le-vetement-intemporel-qui-allie-elegance-confort-et-authenticite\/#breadcrumb","itemListElement":[{"@type":"ListItem","position":1,"name":"Accueil","item":"https:\/\/voyagedelabaleine.fr\/it\/homepage\/"},{"@type":"ListItem","position":2,"name":"\ud83c\udf3f Barboteuse b\u00e9b\u00e9 : le v\u00eatement intemporel qui allie \u00e9l\u00e9gance, confort et authenticit\u00e9"}]},{"@type":"WebSite","@id":"https:\/\/voyagedelabaleine.fr\/it\/#website","url":"https:\/\/voyagedelabaleine.fr\/it\/","name":"Voyage de la Baleine","description":"V\u00eatements intemporels et raffin\u00e9s pour b\u00e9b\u00e9s et enfants","publisher":{"@id":"https:\/\/voyagedelabaleine.fr\/it\/#organization"},"potentialAction":[{"@type":"SearchAction","target":{"@type":"EntryPoint","urlTemplate":"https:\/\/voyagedelabaleine.fr\/it\/?s={search_term_string}"},"query-input":{"@type":"PropertyValueSpecification","valueRequired":true,"valueName":"search_term_string"}}],"inLanguage":"it-IT"},{"@type":"Organization","@id":"https:\/\/voyagedelabaleine.fr\/it\/#organization","name":"Voyage de la Baleine","url":"https:\/\/voyagedelabaleine.fr\/it\/","logo":{"@type":"ImageObject","inLanguage":"it-IT","@id":"https:\/\/voyagedelabaleine.fr\/it\/#\/schema\/logo\/image\/","url":"https:\/\/voyagedelabaleine.fr\/wp-content\/uploads\/2025\/06\/logo.webp","contentUrl":"https:\/\/voyagedelabaleine.fr\/wp-content\/uploads\/2025\/06\/logo.webp","width":153,"height":64,"caption":"Voyage de la Baleine"},"image":{"@id":"https:\/\/voyagedelabaleine.fr\/it\/#\/schema\/logo\/image\/"},"sameAs":["https:\/\/www.facebook.com\/voyagedelabaleine\/","https:\/\/www.instagram.com\/voyagedelabaleine\/","https:\/\/www.pinterest.fr\/Voyagedelabaleine\/"]},{"@type":"Person","@id":"https:\/\/voyagedelabaleine.fr\/it\/#\/schema\/person\/3e973e5cd2782f6657fc067a702b83f9","name":"LeVoyagedelaBaleine","image":{"@type":"ImageObject","inLanguage":"it-IT","@id":"https:\/\/voyagedelabaleine.fr\/it\/#\/schema\/person\/image\/","url":"https:\/\/secure.gravatar.com\/avatar\/37645d556c128973cd6db18a57028fc40b25730c9e9778c37da03c8fe0e6ab35?s=96&d=identicon&r=g","contentUrl":"https:\/\/secure.gravatar.com\/avatar\/37645d556c128973cd6db18a57028fc40b25730c9e9778c37da03c8fe0e6ab35?s=96&d=identicon&r=g","caption":"LeVoyagedelaBaleine"},"sameAs":["http:\/\/petitebaleinedotfr.wordpress.com"]}]}},"_links":{"self":[{"href":"https:\/\/voyagedelabaleine.fr\/it\/wp-json\/wp\/v2\/posts\/24012","targetHints":{"allow":["GET"]}}],"collection":[{"href":"https:\/\/voyagedelabaleine.fr\/it\/wp-json\/wp\/v2\/posts"}],"about":[{"href":"https:\/\/voyagedelabaleine.fr\/it\/wp-json\/wp\/v2\/types\/post"}],"author":[{"embeddable":true,"href":"https:\/\/voyagedelabaleine.fr\/it\/wp-json\/wp\/v2\/users\/222595022"}],"replies":[{"embeddable":true,"href":"https:\/\/voyagedelabaleine.fr\/it\/wp-json\/wp\/v2\/comments?post=24012"}],"version-history":[{"count":1,"href":"https:\/\/voyagedelabaleine.fr\/it\/wp-json\/wp\/v2\/posts\/24012\/revisions"}],"predecessor-version":[{"id":24015,"href":"https:\/\/voyagedelabaleine.fr\/it\/wp-json\/wp\/v2\/posts\/24012\/revisions\/24015"}],"wp:featuredmedia":[{"embeddable":true,"href":"https:\/\/voyagedelabaleine.fr\/it\/wp-json\/wp\/v2\/media\/24013"}],"wp:attachment":[{"href":"https:\/\/voyagedelabaleine.fr\/it\/wp-json\/wp\/v2\/media?parent=24012"}],"wp:term":[{"taxonomy":"category","embeddable":true,"href":"https:\/\/voyagedelabaleine.fr\/it\/wp-json\/wp\/v2\/categories?post=24012"},{"taxonomy":"post_tag","embeddable":true,"href":"https:\/\/voyagedelabaleine.fr\/it\/wp-json\/wp\/v2\/tags?post=24012"}],"curies":[{"name":"wp","href":"https:\/\/api.w.org\/{rel}","templated":true}]}}